{"id":11313,"date":"2025-07-31T15:15:57","date_gmt":"2025-07-31T18:15:57","guid":{"rendered":"https:\/\/www.toque-musicall.com\/?p=11313"},"modified":"2025-07-31T15:15:57","modified_gmt":"2025-07-31T18:15:57","slug":"laura-villa-bossa-nova-1962","status":"publish","type":"post","link":"https:\/\/www.toque-musicall.com\/?p=11313","title":{"rendered":"Laura Villa &#8211; Bossa Nova (1962)"},"content":{"rendered":"\n<figure class=\"wp-block-image size-large\"><img decoding=\"async\" src=\"https:\/\/blogger.googleusercontent.com\/img\/b\/R29vZ2xl\/AVvXsEgaMWjsT7S-wuVLewT8fXXtn0qvGbmLUtKrv9J5oqVTB6btIO-AADDx43KAXx3HmcwKEscsO9IitVYTaZF_7Yp3GYoE_pUXk-AfML7km3vvryYpRhSjKRY_LFRtpbsP7z7bwb0qJCl90C_mHU7B93pN4SNLVdQEEkt4Jq0FhVviN-d6gVO9foqvLQ4Z5AXx\/w640-h636\/Capturar.JPG\" alt=\"\"\/><\/figure>\n\n\n\n<figure class=\"wp-block-image size-large\"><img decoding=\"async\" src=\"https:\/\/blogger.googleusercontent.com\/img\/b\/R29vZ2xl\/AVvXsEi1eHpunoTzSqozh2_Lh5el5CtIZ5EsofO1HSkXvj-_GoCyTU_vTXmjqBXoxa9hH55_yWiVewrmM066w-tVnDHDofhqIePYdBjP6IcS_9CQ6hz5MQYamEIQG-Q4ogOrs6k3xyRKoW6faoXeWiANkgu4tl0JrUfZi62kbQiFiA8N1ZLQcStHeCi5fEjgySKB\/w640-h632\/Capturarb.JPG\" alt=\"\"\/><\/figure>\n\n\n<div class=\"separator\">Seguimos, desta vez trazendo uma atra\u00e7\u00e3o internacional. Aqui temos um disco com a cantora italiana Laura Villa. Ela fez muito sucesso na \u00e9poca, principalmente na Fran\u00e7a. Ficou conhecida, principalmente por essas grava\u00e7\u00f5es de bossa nova, mesclado a outros estilos musicais, mas sempre influenciados pela m\u00fasica brasileira. Trouxemos este compacto com quatro faixas, ou seja quatro m\u00fasicas, extra\u00eddas do lp com o mesmo t\u00edtulo: Bossa Nova. O lp foi lan\u00e7ado em 1962 e foi tamb\u00e9m em partes, dividido em quatro discos de 7 polegadas e em 45 rpm. Um desses disquinho \u00e9 este que apresentamos, tranzendo as m\u00fasicas<\/div>\n<div class=\"separator\">\u00a0<\/div>\n<div class=\"separator\">faits pour s&#8217;aimer (desafinado)<\/div>\n<div class=\"separator\">o bossa nova<\/div>\n<div class=\"separator\">chica chica boum<\/div>\n<div class=\"separator\">le vent se leve<\/div>\n<div class=\"separator\">\u00a0<\/div>\n<div class=\"separator\">\u00a0<\/div>\n<div class=\"separator\">.<\/div>\n<p>&nbsp;<\/p>","protected":false},"excerpt":{"rendered":"<p>Seguimos, desta vez trazendo uma atra\u00e7\u00e3o internacional. Aqui temos um disco com a cantora italiana Laura Villa. Ela fez muito sucesso na \u00e9poca, principalmente na Fran\u00e7a. Ficou conhecida, principalmente por essas grava\u00e7\u00f5es de bossa nova, mesclado a outros estilos musicais, &hellip; <a href=\"https:\/\/www.toque-musicall.com\/?p=11313\">Continue lendo <span class=\"meta-nav\">&rarr;<\/span><\/a><\/p>\n","protected":false},"author":1,"featured_media":0,"comment_status":"closed","ping_status":"closed","sticky":false,"template":"","format":"standard","meta":{"footnotes":""},"categories":[1],"tags":[3072,6021,3057],"class_list":["post-11313","post","type-post","status-publish","format-standard","hentry","category-sem-categoria","tag-compactos","tag-laura-villa","tag-selo-polydor"],"_links":{"self":[{"href":"https:\/\/www.toque-musicall.com\/index.php?rest_route=\/wp\/v2\/posts\/11313","targetHints":{"allow":["GET"]}}],"collection":[{"href":"https:\/\/www.toque-musicall.com\/index.php?rest_route=\/wp\/v2\/posts"}],"about":[{"href":"https:\/\/www.toque-musicall.com\/index.php?rest_route=\/wp\/v2\/types\/post"}],"author":[{"embeddable":true,"href":"https:\/\/www.toque-musicall.com\/index.php?rest_route=\/wp\/v2\/users\/1"}],"replies":[{"embeddable":true,"href":"https:\/\/www.toque-musicall.com\/index.php?rest_route=%2Fwp%2Fv2%2Fcomments&post=11313"}],"version-history":[{"count":1,"href":"https:\/\/www.toque-musicall.com\/index.php?rest_route=\/wp\/v2\/posts\/11313\/revisions"}],"predecessor-version":[{"id":11314,"href":"https:\/\/www.toque-musicall.com\/index.php?rest_route=\/wp\/v2\/posts\/11313\/revisions\/11314"}],"wp:attachment":[{"href":"https:\/\/www.toque-musicall.com\/index.php?rest_route=%2Fwp%2Fv2%2Fmedia&parent=11313"}],"wp:term":[{"taxonomy":"category","embeddable":true,"href":"https:\/\/www.toque-musicall.com\/index.php?rest_route=%2Fwp%2Fv2%2Fcategories&post=11313"},{"taxonomy":"post_tag","embeddable":true,"href":"https:\/\/www.toque-musicall.com\/index.php?rest_route=%2Fwp%2Fv2%2Ftags&post=11313"}],"curies":[{"name":"wp","href":"https:\/\/api.w.org\/{rel}","templated":true}]}}