{"id":11315,"date":"2025-08-01T11:30:56","date_gmt":"2025-08-01T14:30:56","guid":{"rendered":"https:\/\/www.toque-musicall.com\/?p=11315"},"modified":"2025-08-03T11:33:39","modified_gmt":"2025-08-03T14:33:39","slug":"nelsinho-e-seu-trombone-magia-do-samba-1960","status":"publish","type":"post","link":"https:\/\/www.toque-musicall.com\/?p=11315","title":{"rendered":"Nelsinho e Seu Trombone &#8211; Magia do Samba (1960)"},"content":{"rendered":"\n<figure class=\"wp-block-image size-large\"><img decoding=\"async\" src=\"https:\/\/blogger.googleusercontent.com\/img\/b\/R29vZ2xl\/AVvXsEio4r8p37rRKjktk2uA2jMEBGWehLwfg206oDApJm89DkGPpJ48v_WQVbKaB6qFA-LC2zvNleV18dqqkxIsgKocqC0I2W8C1Odum1Tet_6rgkPpt8z19JDNoPWKMf46rc4h22x8aBw3C1qL5zbdMVUi4ksk-iVybNFRuBsGn0eUxNdmstckOYmEY7URQo7n\/w640-h630\/Capturar.JPG\" alt=\"\"\/><\/figure>\n\n\n\n<figure class=\"wp-block-image size-large\"><img decoding=\"async\" src=\"https:\/\/blogger.googleusercontent.com\/img\/b\/R29vZ2xl\/AVvXsEgsW0khSxwG3Lwlo3PFd5M3GXA8lH5wXh3ooyTSyHEa368t__RUW4rrkKfQ73JZwQ59h7IPG6QFrYccVWTpJOmYxUdMRVNfMLVSp7W7MKO6LBwqaKuygW553NG6FSDNvkuXqK1hX7kglvdygCTAARvv_iRnrnChbLVlP64oGzTipzh-LTJ8m0w0wb8vOsAj\/w640-h630\/Capturarb.JPG\" alt=\"\"\/><\/figure>\n\n\n<div class=\"separator\">Ent\u00e3o, come\u00e7amos Agosto&#8230; agora com 18 anos, seguimos na maioridade \ud83d\ude42 Come\u00e7amos trazendo Nelsinho, trombonista e compositor, que atuou dos anos 40 a 60. Aqui, num lp lan\u00e7ado pela RCA Victor, em 1959, apresentando o instrumentista numa sele\u00e7\u00e3o de sambas cl\u00e1ssicos. A contracapa faz um apanhado da carreira do artista at\u00e9 ent\u00e3o. Quanto ao repert\u00f3rio, o conte\u00fado, vale a pena conhecer&#8230;<\/div>\n<div class=\"separator\">\u00a0<\/div>\n<div class=\"separator\">solid\u00e3o<\/div>\n<div class=\"separator\">\u00e9 luxo s\u00f3<\/div>\n<div class=\"separator\">por causa de voc\u00ea<\/div>\n<div class=\"separator\">lamento<\/div>\n<div class=\"separator\">castigo<\/div>\n<div class=\"separator\">chega de saudade<\/div>\n<div class=\"separator\">folha morta<\/div>\n<div class=\"separator\">rosa morena<\/div>\n<div class=\"separator\">can\u00e7\u00e3o de amor<\/div>\n<div class=\"separator\">se alguem disse<\/div>\n<div class=\"separator\">a vida por um beijo<\/div>\n<div class=\"separator\">as l\u00e1grimas rolavam<\/div>\n<div class=\"separator\">\u00a0<\/div>\n<div class=\"separator\">\u00a0<\/div>\n<div class=\"separator\">.<\/div>\n<div class=\"separator\">\u00a0<\/div>\n<div class=\"separator\">\u00a0<\/div>\n<div class=\"separator\">\u00a0<\/div>","protected":false},"excerpt":{"rendered":"<p>Ent\u00e3o, come\u00e7amos Agosto&#8230; agora com 18 anos, seguimos na maioridade \ud83d\ude42 Come\u00e7amos trazendo Nelsinho, trombonista e compositor, que atuou dos anos 40 a 60. Aqui, num lp lan\u00e7ado pela RCA Victor, em 1959, apresentando o instrumentista numa sele\u00e7\u00e3o de sambas &hellip; <a href=\"https:\/\/www.toque-musicall.com\/?p=11315\">Continue lendo <span class=\"meta-nav\">&rarr;<\/span><\/a><\/p>\n","protected":false},"author":1,"featured_media":0,"comment_status":"closed","ping_status":"closed","sticky":false,"template":"","format":"standard","meta":{"footnotes":""},"categories":[1],"tags":[5042,3061],"class_list":["post-11315","post","type-post","status-publish","format-standard","hentry","category-sem-categoria","tag-nelsinho","tag-selo-rca-victor"],"_links":{"self":[{"href":"https:\/\/www.toque-musicall.com\/index.php?rest_route=\/wp\/v2\/posts\/11315","targetHints":{"allow":["GET"]}}],"collection":[{"href":"https:\/\/www.toque-musicall.com\/index.php?rest_route=\/wp\/v2\/posts"}],"about":[{"href":"https:\/\/www.toque-musicall.com\/index.php?rest_route=\/wp\/v2\/types\/post"}],"author":[{"embeddable":true,"href":"https:\/\/www.toque-musicall.com\/index.php?rest_route=\/wp\/v2\/users\/1"}],"replies":[{"embeddable":true,"href":"https:\/\/www.toque-musicall.com\/index.php?rest_route=%2Fwp%2Fv2%2Fcomments&post=11315"}],"version-history":[{"count":1,"href":"https:\/\/www.toque-musicall.com\/index.php?rest_route=\/wp\/v2\/posts\/11315\/revisions"}],"predecessor-version":[{"id":11316,"href":"https:\/\/www.toque-musicall.com\/index.php?rest_route=\/wp\/v2\/posts\/11315\/revisions\/11316"}],"wp:attachment":[{"href":"https:\/\/www.toque-musicall.com\/index.php?rest_route=%2Fwp%2Fv2%2Fmedia&parent=11315"}],"wp:term":[{"taxonomy":"category","embeddable":true,"href":"https:\/\/www.toque-musicall.com\/index.php?rest_route=%2Fwp%2Fv2%2Fcategories&post=11315"},{"taxonomy":"post_tag","embeddable":true,"href":"https:\/\/www.toque-musicall.com\/index.php?rest_route=%2Fwp%2Fv2%2Ftags&post=11315"}],"curies":[{"name":"wp","href":"https:\/\/api.w.org\/{rel}","templated":true}]}}