{"id":11325,"date":"2025-08-05T18:37:45","date_gmt":"2025-08-05T21:37:45","guid":{"rendered":"https:\/\/www.toque-musicall.com\/?p=11325"},"modified":"2025-08-06T18:44:08","modified_gmt":"2025-08-06T21:44:08","slug":"irany-e-seu-conjunto-boleros-em-surdina-no-2-1958","status":"publish","type":"post","link":"https:\/\/www.toque-musicall.com\/?p=11325","title":{"rendered":"Irany E Seu Conjunto &#8211; Boleros Em Surdina N\u00ba 2 (1958)"},"content":{"rendered":"\n<figure class=\"wp-block-image size-large\"><img decoding=\"async\" src=\"https:\/\/blogger.googleusercontent.com\/img\/b\/R29vZ2xl\/AVvXsEg4xMLLlriOUWm1DkbEXp-T5gLsGppMtRoMUvnOFMnzlA3w-UJm96IgUkOiLBRGtDlEFZyIZQayhioUDTabmh0R2ITrcOsV7pj4ct3V1vurZtve_H5tbxtYiDi2_EBvbSgWc0ZWggD3cUnR4VcBgdGec469NruFX3xwMHGyf9QjlLsnja9fCbQ4Q_-HMlUe\/w640-h640\/Capturar.JPG\" alt=\"\"\/><\/figure>\n\n\n\n<figure class=\"wp-block-image size-large\"><img decoding=\"async\" src=\"https:\/\/blogger.googleusercontent.com\/img\/b\/R29vZ2xl\/AVvXsEjLQhbiXMpGZtU9wNfVxwB8H45fEJfOAf3VkdehuK-_WKD1K9u1mWOWGRWSpRQMa6mmvS7n3WB_gHKfD1QZzq6JAFjDRT3E6ub6-oT8ndak62TIW-e_DEL1WA5SHNiuojB2ypCuSS4mkEfCY7-9sPeenRm5uDmCoewoMtPhWOIP9RET5VW7lM67BFT9QrQV\/w634-h640\/Capturarb.JPG\" alt=\"\"\/><\/figure>\n\n\n<div>Come\u00e7ando a semana, temos Irany e seu conjunto, na s\u00e9rie &#8220;Boleros em Surdina&#8221;. H\u00e1 poucos meses atr\u00e1s postamos aqui o N\u00famero 3. Em ordem decrescente, agora vamos para o N\u00famero 2.\u00a0<\/div>\n<div>Neste \u00e1lbum, de 1958, temos um repert\u00f3rio selecionado com 12 boleros cl\u00e1ssicos e a intepreta\u00e7\u00e3o instrumental impec\u00e1vel de Irany e seu conjunto. Os arranjos ficam por conta do maestro Orlando Silveira.ok<\/div>\n<div>\u00a0<\/div>\n<div>eclipse<\/div>\n<div>la ultima noche<\/div>\n<div>oracion caribe<\/div>\n<div>quiereme mucho<\/div>\n<div>sinceridad<\/div>\n<div>flor de lys<\/div>\n<div>interesseira<\/div>\n<div>perfidia<\/div>\n<div>frenesi<\/div>\n<div>contigo en la distancia<\/div>\n<div>tarde demais<\/div>\n<div>solamente una vez<\/div>\n<div>\u00a0<\/div>\n<div>\u00a0<\/div>\n<div>.<\/div>\n<div>\u00a0<\/div>","protected":false},"excerpt":{"rendered":"<p>Come\u00e7ando a semana, temos Irany e seu conjunto, na s\u00e9rie &#8220;Boleros em Surdina&#8221;. H\u00e1 poucos meses atr\u00e1s postamos aqui o N\u00famero 3. Em ordem decrescente, agora vamos para o N\u00famero 2.\u00a0 Neste \u00e1lbum, de 1958, temos um repert\u00f3rio selecionado com &hellip; <a href=\"https:\/\/www.toque-musicall.com\/?p=11325\">Continue lendo <span class=\"meta-nav\">&rarr;<\/span><\/a><\/p>\n","protected":false},"author":1,"featured_media":0,"comment_status":"closed","ping_status":"closed","sticky":false,"template":"","format":"standard","meta":{"footnotes":""},"categories":[1],"tags":[5936,3153],"class_list":["post-11325","post","type-post","status-publish","format-standard","hentry","category-sem-categoria","tag-irany-e-seu-conjunto","tag-selo-odeon"],"_links":{"self":[{"href":"https:\/\/www.toque-musicall.com\/index.php?rest_route=\/wp\/v2\/posts\/11325","targetHints":{"allow":["GET"]}}],"collection":[{"href":"https:\/\/www.toque-musicall.com\/index.php?rest_route=\/wp\/v2\/posts"}],"about":[{"href":"https:\/\/www.toque-musicall.com\/index.php?rest_route=\/wp\/v2\/types\/post"}],"author":[{"embeddable":true,"href":"https:\/\/www.toque-musicall.com\/index.php?rest_route=\/wp\/v2\/users\/1"}],"replies":[{"embeddable":true,"href":"https:\/\/www.toque-musicall.com\/index.php?rest_route=%2Fwp%2Fv2%2Fcomments&post=11325"}],"version-history":[{"count":1,"href":"https:\/\/www.toque-musicall.com\/index.php?rest_route=\/wp\/v2\/posts\/11325\/revisions"}],"predecessor-version":[{"id":11326,"href":"https:\/\/www.toque-musicall.com\/index.php?rest_route=\/wp\/v2\/posts\/11325\/revisions\/11326"}],"wp:attachment":[{"href":"https:\/\/www.toque-musicall.com\/index.php?rest_route=%2Fwp%2Fv2%2Fmedia&parent=11325"}],"wp:term":[{"taxonomy":"category","embeddable":true,"href":"https:\/\/www.toque-musicall.com\/index.php?rest_route=%2Fwp%2Fv2%2Fcategories&post=11325"},{"taxonomy":"post_tag","embeddable":true,"href":"https:\/\/www.toque-musicall.com\/index.php?rest_route=%2Fwp%2Fv2%2Ftags&post=11325"}],"curies":[{"name":"wp","href":"https:\/\/api.w.org\/{rel}","templated":true}]}}