{"id":11328,"date":"2025-08-06T18:19:45","date_gmt":"2025-08-06T21:19:45","guid":{"rendered":"https:\/\/www.toque-musicall.com\/?p=11328"},"modified":"2025-08-10T18:21:47","modified_gmt":"2025-08-10T21:21:47","slug":"conjunto-jovem-brasa-samba-jovem-1966","status":"publish","type":"post","link":"https:\/\/www.toque-musicall.com\/?p=11328","title":{"rendered":"Conjunto Jovem Brasa &#8211; Samba Jovem (1966)"},"content":{"rendered":"\n<figure class=\"wp-block-image size-large\"><img decoding=\"async\" src=\"https:\/\/blogger.googleusercontent.com\/img\/b\/R29vZ2xl\/AVvXsEg5vRly5-PrnSJ1Z43J075QqEnoGfFIKr8LwQw0i3UpMjAhePqYXEZpGZVPqEO7O2lkEBy8ZBLNQpOaWp9ZLXbG_rIh8hqRZncSFRepHfnVj3JTZpiBLIXVv7v9yDa9qqKavPO43LIHx2xcdYsfoppl6X6ZXdcIEbjN7wRlnvCmj2j6LzjE_0r-3RLlBgwv\/w640-h626\/Capturarf.JPG\" alt=\"\"\/><\/figure>\n\n\n\n<figure class=\"wp-block-image size-large\"><img decoding=\"async\" src=\"https:\/\/blogger.googleusercontent.com\/img\/b\/R29vZ2xl\/AVvXsEii6HHKjSwMRt4_pTcM5TagUhuE2XmRwHH2Z6JagCauRBl1ErNTzFA6f8e2umeMZMTSZkt9VmCaPR42Orc56LD26A4FFAFXkdTPS_qtVn9ggLK8ENvd5UoFd6UrVr-jqJU-KiiQgoMMuoFw29ocZh9hSACdh9Exq3_8X8nYYLWUsO_poqWDgcS-mOe9Zynt\/w636-h640\/contracapa.JPG\" alt=\"\"\/><\/figure>\n\n\n<div class=\"separator\">Para agradar os amantes de Bossa Nova e tamb\u00e9m da Jovem Guarda, eis aqui o disco perfeito&#8230; Ou por outra, como fazer um bossanovista gostar de Jovem Guarda e\/ou vice-versa. \u00c9 o que nos apresenta a M\u00e1rio Castro Neves e seu conjunto Jovem Guarda formado por Chico Feitosa, Normando, Novelli, Miguel e Pedrinho, esses dois \u00faltimos do conjunto The Fevers. Um grupo, certamente de ocasi\u00e3o, por isso n\u00e3o gravaram outros discos, Um momento bem prop\u00edcio, quando dois seguimentos musicais jovens se destacavam na m\u00fasica popular. O Conjunto Jovem Brasa procura aproximar os dois &#8216;movimentos&#8217;, ligeiramente opostos, provando que a mistura pode dar caldo. Que o diga os pr\u00f3prios m\u00fasicos que formam o Conjunto Jovem Brasa. A prop\u00f3sito, este lp lan\u00e7ado pela RCA Victor em 1966, teve uma edi\u00e7\u00e3o na Espanha e tamb\u00e9m na Argentina, com direito inclusive a compacto duplo. Uma experi\u00eancia musical muito interessante que merece ser ouvida&#8230;<\/div>\n<div class=\"separator\">\u00a0<\/div>\n<div class=\"separator\">jovem brasa<\/div>\n<div class=\"separator\">mexerico da candinha<\/div>\n<div class=\"separator\">o carango<\/div>\n<div class=\"separator\">em sua homenagem<\/div>\n<div class=\"separator\">\u00e1gua de beber<\/div>\n<div class=\"separator\">de manh\u00e3<\/div>\n<div class=\"separator\">t\u00e1 por fora<\/div>\n<div class=\"separator\">mas que nada<\/div>\n<div class=\"separator\">s\u00f3 dan\u00e7o samba<\/div>\n<div class=\"separator\">despedida da mangueira<\/div>\n<div class=\"separator\">mam\u00e3e passou a\u00e7ucar em mim<\/div>\n<div class=\"separator\">quero que v\u00e1 tudo pro inferno<\/div>\n<div class=\"separator\">\u00a0<\/div>\n<div class=\"separator\">\u00a0<\/div>","protected":false},"excerpt":{"rendered":"<p>Para agradar os amantes de Bossa Nova e tamb\u00e9m da Jovem Guarda, eis aqui o disco perfeito&#8230; Ou por outra, como fazer um bossanovista gostar de Jovem Guarda e\/ou vice-versa. \u00c9 o que nos apresenta a M\u00e1rio Castro Neves e &hellip; <a href=\"https:\/\/www.toque-musicall.com\/?p=11328\">Continue lendo <span class=\"meta-nav\">&rarr;<\/span><\/a><\/p>\n","protected":false},"author":1,"featured_media":0,"comment_status":"closed","ping_status":"closed","sticky":false,"template":"","format":"standard","meta":{"footnotes":""},"categories":[1],"tags":[6026,3061],"class_list":["post-11328","post","type-post","status-publish","format-standard","hentry","category-sem-categoria","tag-conjunto-jovem-brasa","tag-selo-rca-victor"],"_links":{"self":[{"href":"https:\/\/www.toque-musicall.com\/index.php?rest_route=\/wp\/v2\/posts\/11328","targetHints":{"allow":["GET"]}}],"collection":[{"href":"https:\/\/www.toque-musicall.com\/index.php?rest_route=\/wp\/v2\/posts"}],"about":[{"href":"https:\/\/www.toque-musicall.com\/index.php?rest_route=\/wp\/v2\/types\/post"}],"author":[{"embeddable":true,"href":"https:\/\/www.toque-musicall.com\/index.php?rest_route=\/wp\/v2\/users\/1"}],"replies":[{"embeddable":true,"href":"https:\/\/www.toque-musicall.com\/index.php?rest_route=%2Fwp%2Fv2%2Fcomments&post=11328"}],"version-history":[{"count":1,"href":"https:\/\/www.toque-musicall.com\/index.php?rest_route=\/wp\/v2\/posts\/11328\/revisions"}],"predecessor-version":[{"id":11329,"href":"https:\/\/www.toque-musicall.com\/index.php?rest_route=\/wp\/v2\/posts\/11328\/revisions\/11329"}],"wp:attachment":[{"href":"https:\/\/www.toque-musicall.com\/index.php?rest_route=%2Fwp%2Fv2%2Fmedia&parent=11328"}],"wp:term":[{"taxonomy":"category","embeddable":true,"href":"https:\/\/www.toque-musicall.com\/index.php?rest_route=%2Fwp%2Fv2%2Fcategories&post=11328"},{"taxonomy":"post_tag","embeddable":true,"href":"https:\/\/www.toque-musicall.com\/index.php?rest_route=%2Fwp%2Fv2%2Ftags&post=11328"}],"curies":[{"name":"wp","href":"https:\/\/api.w.org\/{rel}","templated":true}]}}