{"id":11337,"date":"2025-08-10T21:04:33","date_gmt":"2025-08-11T00:04:33","guid":{"rendered":"https:\/\/www.toque-musicall.com\/?p=11337"},"modified":"2025-08-13T21:06:17","modified_gmt":"2025-08-14T00:06:17","slug":"raimundo-monte-santo-1974","status":"publish","type":"post","link":"https:\/\/www.toque-musicall.com\/?p=11337","title":{"rendered":"Raimundo Monte Santo (1974)"},"content":{"rendered":"\n<figure class=\"wp-block-image size-large\"><img decoding=\"async\" src=\"https:\/\/blogger.googleusercontent.com\/img\/b\/R29vZ2xl\/AVvXsEjwkeqYAYdHB2xYdyj1B3SZGXwxw3PPP-ER2cevFe8PXpWT7BoCyo5brrvVMNK0z3qpDMFzTMlxRXrKUTx-WRF0wjNrXZwmZVVkFwwYUnOG5NUOQm4pOv4DCIF0K52e68izF5OAf122NiVEng_JpRJhi7uVIY0PYMb-yxmkXc5TDqruUc0Zbj5lnZ_MbvsG\/w640-h638\/Capturar.JPG\" alt=\"\"\/><\/figure>\n\n\n\n<figure class=\"wp-block-image size-large\"><img decoding=\"async\" src=\"https:\/\/blogger.googleusercontent.com\/img\/b\/R29vZ2xl\/AVvXsEjNo9XhLhvmLw3JqafF8qCMmO4sjZUKkyiK_crQR693zY_aMD9_pqANO0Mi9A3ZRDqtvYHWopz2TxfgRgXo5c8nDbhs2e2QNPqDvX861Tyhm1OGqsNlECnjH0tDuUb1h55jRWkNG36SN1dQhVCra1kFtsmrXPmzsTWTmurCLShSJuWzB-ADsbJ1GMSeDyBs\/w638-h640\/Capturarb.JPG\" alt=\"\"\/><\/figure>\n\n\n<div class=\"separator\">Seguindo, aqui temos hoje um raro compacto do selo Discos Marcus Pereira, apresentando o artista baiano Raimundo Monte Santo. T\u00e3o raro quanto este disquinho \u00e9 o pr\u00f3prio artista, do qual pouco sabemos al\u00e9m do texto de contracapa de Gianfrancesco Guarnieri. Pelo Youtube temos as m\u00fasicas deste compacto e alguns poucos coment\u00e1rios que nos ajuda a entender que Raimundo Monte Santo faleceu ainda novo. O que tamb\u00e9m responde sua obscuridade.<\/div>\n<div class=\"separator\">\u00a0<\/div>\n<div class=\"separator\">reizado a s\u00e3o jos\u00e9<\/div>\n<div class=\"separator\">am\u00e9rica neblina<\/div>\n<div class=\"separator\">\u00a0<\/div>\n<div class=\"separator\">\u00a0<\/div>\n<div class=\"separator\">.<\/div>","protected":false},"excerpt":{"rendered":"<p>Seguindo, aqui temos hoje um raro compacto do selo Discos Marcus Pereira, apresentando o artista baiano Raimundo Monte Santo. T\u00e3o raro quanto este disquinho \u00e9 o pr\u00f3prio artista, do qual pouco sabemos al\u00e9m do texto de contracapa de Gianfrancesco Guarnieri. &hellip; <a href=\"https:\/\/www.toque-musicall.com\/?p=11337\">Continue lendo <span class=\"meta-nav\">&rarr;<\/span><\/a><\/p>\n","protected":false},"author":1,"featured_media":0,"comment_status":"closed","ping_status":"closed","sticky":false,"template":"","format":"standard","meta":{"footnotes":""},"categories":[1],"tags":[3072,6032,3794],"class_list":["post-11337","post","type-post","status-publish","format-standard","hentry","category-sem-categoria","tag-compactos","tag-raimundo-monte-santo","tag-selo-marcus-pereira"],"_links":{"self":[{"href":"https:\/\/www.toque-musicall.com\/index.php?rest_route=\/wp\/v2\/posts\/11337","targetHints":{"allow":["GET"]}}],"collection":[{"href":"https:\/\/www.toque-musicall.com\/index.php?rest_route=\/wp\/v2\/posts"}],"about":[{"href":"https:\/\/www.toque-musicall.com\/index.php?rest_route=\/wp\/v2\/types\/post"}],"author":[{"embeddable":true,"href":"https:\/\/www.toque-musicall.com\/index.php?rest_route=\/wp\/v2\/users\/1"}],"replies":[{"embeddable":true,"href":"https:\/\/www.toque-musicall.com\/index.php?rest_route=%2Fwp%2Fv2%2Fcomments&post=11337"}],"version-history":[{"count":1,"href":"https:\/\/www.toque-musicall.com\/index.php?rest_route=\/wp\/v2\/posts\/11337\/revisions"}],"predecessor-version":[{"id":11338,"href":"https:\/\/www.toque-musicall.com\/index.php?rest_route=\/wp\/v2\/posts\/11337\/revisions\/11338"}],"wp:attachment":[{"href":"https:\/\/www.toque-musicall.com\/index.php?rest_route=%2Fwp%2Fv2%2Fmedia&parent=11337"}],"wp:term":[{"taxonomy":"category","embeddable":true,"href":"https:\/\/www.toque-musicall.com\/index.php?rest_route=%2Fwp%2Fv2%2Fcategories&post=11337"},{"taxonomy":"post_tag","embeddable":true,"href":"https:\/\/www.toque-musicall.com\/index.php?rest_route=%2Fwp%2Fv2%2Ftags&post=11337"}],"curies":[{"name":"wp","href":"https:\/\/api.w.org\/{rel}","templated":true}]}}