{"id":11339,"date":"2025-08-11T21:07:10","date_gmt":"2025-08-12T00:07:10","guid":{"rendered":"https:\/\/www.toque-musicall.com\/?p=11339"},"modified":"2025-08-13T21:08:51","modified_gmt":"2025-08-14T00:08:51","slug":"tuca-o-cavaleiro-1966","status":"publish","type":"post","link":"https:\/\/www.toque-musicall.com\/?p=11339","title":{"rendered":"Tuca &#8211; O Cavaleiro (1966)\u00a0"},"content":{"rendered":"\n<figure class=\"wp-block-image size-large\"><img decoding=\"async\" src=\"https:\/\/blogger.googleusercontent.com\/img\/b\/R29vZ2xl\/AVvXsEhPcYUzb8Gijt1-qEmGIxlBQHXlcbDv2UVEsS5jmuHjjlG_C6FMgbAW6ygUNi_x_KtaB_1iBvsPvm_Gk0RVjyIYSQvEeXG8A2bmuIRUJ7h-sStwuronWFpQTgC2KwG7kVjToVMYRP00lIQtnGFL1jgiVK02ghhLtTiHfmXYUSzz0duUWMUr-pzhwdM5OxyR\/w630-h640\/CapaSingleFront.jpg\" alt=\"\"\/><\/figure>\n\n\n\n<figure class=\"wp-block-image size-large\"><img decoding=\"async\" src=\"https:\/\/blogger.googleusercontent.com\/img\/b\/R29vZ2xl\/AVvXsEhFjeQ0MNtR9o5xZAZEq_d-h4bw7FOFv_d23ABhJrM7h6uTUcj102zMRSDPKYZMrT5jF8ipyHtvOMyIY4zu1FnDZA_rh91Y2FC6CjJGmbQrwB6kfRR78NMufFJGFNO3ttR453BzsiQSHhmz22O6q01KqRrBg-1e88BUPethOKN8GZkG9fEtjFR5OoL56z_2\/w638-h640\/CapaSingleBack.jpg\" alt=\"\"\/><\/figure>\n\n\n<div class=\"separator\">Mais uma vez, Tuca. Aqui num compacto de 1966 lan\u00e7ado pela Chantecler, trazendo a cantora e compositora em dois momentos: &#8220;O Cavaleiro&#8221;, parceiria com Geraldo Vandr\u00e9 e &#8220;Cirandando&#8221;, com Consuelo de Castro. A m\u00fasica &#8220;O Cavaleiro&#8221; foi selecionada no I Festival Internacional da Can\u00e7\u00e3o da TV Rio, classificada em segundo lugar na fase nacional do festival.<\/div>\n<div class=\"separator\">\u00a0<\/div>\n<div class=\"separator\">o cavaleiro<\/div>\n<div class=\"separator\">cirandando<\/div>\n<div class=\"separator\">\u00a0<\/div>\n<div class=\"separator\">\u00a0<\/div>","protected":false},"excerpt":{"rendered":"<p>Mais uma vez, Tuca. Aqui num compacto de 1966 lan\u00e7ado pela Chantecler, trazendo a cantora e compositora em dois momentos: &#8220;O Cavaleiro&#8221;, parceiria com Geraldo Vandr\u00e9 e &#8220;Cirandando&#8221;, com Consuelo de Castro. A m\u00fasica &#8220;O Cavaleiro&#8221; foi selecionada no I &hellip; <a href=\"https:\/\/www.toque-musicall.com\/?p=11339\">Continue lendo <span class=\"meta-nav\">&rarr;<\/span><\/a><\/p>\n","protected":false},"author":1,"featured_media":0,"comment_status":"closed","ping_status":"closed","sticky":false,"template":"","format":"standard","meta":{"footnotes":""},"categories":[1],"tags":[3072,3073,5719],"class_list":["post-11339","post","type-post","status-publish","format-standard","hentry","category-sem-categoria","tag-compactos","tag-selo-chantecler","tag-tuca"],"_links":{"self":[{"href":"https:\/\/www.toque-musicall.com\/index.php?rest_route=\/wp\/v2\/posts\/11339","targetHints":{"allow":["GET"]}}],"collection":[{"href":"https:\/\/www.toque-musicall.com\/index.php?rest_route=\/wp\/v2\/posts"}],"about":[{"href":"https:\/\/www.toque-musicall.com\/index.php?rest_route=\/wp\/v2\/types\/post"}],"author":[{"embeddable":true,"href":"https:\/\/www.toque-musicall.com\/index.php?rest_route=\/wp\/v2\/users\/1"}],"replies":[{"embeddable":true,"href":"https:\/\/www.toque-musicall.com\/index.php?rest_route=%2Fwp%2Fv2%2Fcomments&post=11339"}],"version-history":[{"count":1,"href":"https:\/\/www.toque-musicall.com\/index.php?rest_route=\/wp\/v2\/posts\/11339\/revisions"}],"predecessor-version":[{"id":11340,"href":"https:\/\/www.toque-musicall.com\/index.php?rest_route=\/wp\/v2\/posts\/11339\/revisions\/11340"}],"wp:attachment":[{"href":"https:\/\/www.toque-musicall.com\/index.php?rest_route=%2Fwp%2Fv2%2Fmedia&parent=11339"}],"wp:term":[{"taxonomy":"category","embeddable":true,"href":"https:\/\/www.toque-musicall.com\/index.php?rest_route=%2Fwp%2Fv2%2Fcategories&post=11339"},{"taxonomy":"post_tag","embeddable":true,"href":"https:\/\/www.toque-musicall.com\/index.php?rest_route=%2Fwp%2Fv2%2Ftags&post=11339"}],"curies":[{"name":"wp","href":"https:\/\/api.w.org\/{rel}","templated":true}]}}