{"id":11341,"date":"2025-08-12T21:08:56","date_gmt":"2025-08-13T00:08:56","guid":{"rendered":"https:\/\/www.toque-musicall.com\/?p=11341"},"modified":"2025-08-13T21:11:21","modified_gmt":"2025-08-14T00:11:21","slug":"joel-bello-soares-valsas-polkas-e-mazurcas-a-musica-alagoana-do-inicio-do-seculo-1987","status":"publish","type":"post","link":"https:\/\/www.toque-musicall.com\/?p=11341","title":{"rendered":"Joel Bello Soares &#8211; Valsas Polkas E Mazurcas &#8211; A M\u00fasica Alagoana Do In\u00edcio Do S\u00e9culo (1987)\u00a0"},"content":{"rendered":"\n<figure class=\"wp-block-image size-large\"><img decoding=\"async\" src=\"https:\/\/blogger.googleusercontent.com\/img\/b\/R29vZ2xl\/AVvXsEjiW7fmlxOM2Ijtrzo3MEZkNjnjmUbTvNoLIrWzXGImJR9sS8k5FSq6cIc4M-BfIDheAjMSBl4ElHBdXMLe8b8SdK6rOLsRN16MPZbb0BpmjFlECvuUPSpJDWAxhVhs9vCt204h_49XGhWHuvtxXIzf5YLIsLGU9RJ7QGJAFRr-fLIdM_k7FHOMgtv5Gr8x\/w640-h638\/Capturar.JPG\" alt=\"\"\/><\/figure>\n\n\n\n<figure class=\"wp-block-image size-large\"><img decoding=\"async\" src=\"https:\/\/blogger.googleusercontent.com\/img\/b\/R29vZ2xl\/AVvXsEjWyqCmHBUPzxGQZNZlfu9UTLE2fC_smkivkEf05Iy70bgu6odKbHM0UHTEgziJX3gSm1pss1LdgviYugGejOfTZWOORYVXuXu9wX3hRc20B3b6cQt2cWbSfOINlYo-BtlCw4dZAy3OQ5aF39ojkfxHyQi5FyIJ92UO2jqmwOByTPwHkH7je9KnKtlZTrLy\/w640-h638\/Capturarb.JPG\" alt=\"\"\/><\/figure>\n\n\n<div class=\"separator\">Temos para hoje um disco de m\u00fasica erudita: &#8220;A m\u00fasica alagoana do in\u00edcio do s\u00e9culo&#8221;. O \u00e1lbum \u00e9 uma produ\u00e7\u00e3o independente e como o pr\u00f3prio t\u00edtulo j\u00e1 nos indica, trata-se da m\u00fasica feita em Alagoas feita no in\u00edcio do s\u00e9culo passado. S\u00e3o valsas, polcas e mazurcas de compositores alagoanos interpretados por um dos grandes pianistas brasileiros, o alagoano, Joel Bello Soares, falecido no ano passado.<\/div>\n<div class=\"separator\">O arquivo deste disco, como cabe a todos os discos postados no Toque Musical, vem completo. No caso, com os encartes e todas as informa\u00e7\u00f5es complementares. Confiram&#8230;<\/div>\n<div class=\"separator\">\u00a0<\/div>\n<div class=\"separator\">innahsinha &#8211; misael domingues<\/div>\n<div class=\"separator\">can\u00e7\u00e3o do jangadeiro &#8211; tavares de figueiredo<\/div>\n<div class=\"separator\">nove e meia &#8211; tavares de figueiredo<\/div>\n<div class=\"separator\">libinha &#8211; tavares de figueiredo<\/div>\n<div class=\"separator\">arrulhos &#8211; misael domingues<\/div>\n<div class=\"separator\">\u00faltima ilus\u00e3o &#8211; misael domingues<\/div>\n<div class=\"separator\">casa ou n\u00e3o casa &#8211; jo\u00e3o ulysses<\/div>\n<div class=\"separator\">maria do monte &#8211; misael domingues<\/div>\n<div class=\"separator\">os boemios &#8211; benedito silva<\/div>\n<div class=\"separator\">sonhando a bordo &#8211; tavares de figueiredo<\/div>\n<div class=\"separator\">esperan\u00e7a e desengano &#8211; heitor cardoso<\/div>\n<div class=\"separator\">\u00a0<\/div>\n<div class=\"separator\">\u00a0<\/div>\n<div class=\"separator\">.<\/div>\n<div class=\"separator\">\u00a0<\/div>\n<div class=\"separator\">\u00a0<\/div>","protected":false},"excerpt":{"rendered":"<p>Temos para hoje um disco de m\u00fasica erudita: &#8220;A m\u00fasica alagoana do in\u00edcio do s\u00e9culo&#8221;. O \u00e1lbum \u00e9 uma produ\u00e7\u00e3o independente e como o pr\u00f3prio t\u00edtulo j\u00e1 nos indica, trata-se da m\u00fasica feita em Alagoas feita no in\u00edcio do s\u00e9culo &hellip; <a href=\"https:\/\/www.toque-musicall.com\/?p=11341\">Continue lendo <span class=\"meta-nav\">&rarr;<\/span><\/a><\/p>\n","protected":false},"author":1,"featured_media":0,"comment_status":"closed","ping_status":"closed","sticky":false,"template":"","format":"standard","meta":{"footnotes":""},"categories":[1],"tags":[6033,6034,3017,6035],"class_list":["post-11341","post","type-post","status-publish","format-standard","hentry","category-sem-categoria","tag-joel-bello-soares","tag-misael-domingues","tag-selo-independente","tag-tavares-de-figueiredo"],"_links":{"self":[{"href":"https:\/\/www.toque-musicall.com\/index.php?rest_route=\/wp\/v2\/posts\/11341","targetHints":{"allow":["GET"]}}],"collection":[{"href":"https:\/\/www.toque-musicall.com\/index.php?rest_route=\/wp\/v2\/posts"}],"about":[{"href":"https:\/\/www.toque-musicall.com\/index.php?rest_route=\/wp\/v2\/types\/post"}],"author":[{"embeddable":true,"href":"https:\/\/www.toque-musicall.com\/index.php?rest_route=\/wp\/v2\/users\/1"}],"replies":[{"embeddable":true,"href":"https:\/\/www.toque-musicall.com\/index.php?rest_route=%2Fwp%2Fv2%2Fcomments&post=11341"}],"version-history":[{"count":1,"href":"https:\/\/www.toque-musicall.com\/index.php?rest_route=\/wp\/v2\/posts\/11341\/revisions"}],"predecessor-version":[{"id":11342,"href":"https:\/\/www.toque-musicall.com\/index.php?rest_route=\/wp\/v2\/posts\/11341\/revisions\/11342"}],"wp:attachment":[{"href":"https:\/\/www.toque-musicall.com\/index.php?rest_route=%2Fwp%2Fv2%2Fmedia&parent=11341"}],"wp:term":[{"taxonomy":"category","embeddable":true,"href":"https:\/\/www.toque-musicall.com\/index.php?rest_route=%2Fwp%2Fv2%2Fcategories&post=11341"},{"taxonomy":"post_tag","embeddable":true,"href":"https:\/\/www.toque-musicall.com\/index.php?rest_route=%2Fwp%2Fv2%2Ftags&post=11341"}],"curies":[{"name":"wp","href":"https:\/\/api.w.org\/{rel}","templated":true}]}}