{"id":11343,"date":"2025-08-13T19:52:30","date_gmt":"2025-08-13T22:52:30","guid":{"rendered":"https:\/\/www.toque-musicall.com\/?p=11343"},"modified":"2025-08-16T19:54:40","modified_gmt":"2025-08-16T22:54:40","slug":"radames-gnattali-samba-em-tres-andamentos-1955","status":"publish","type":"post","link":"https:\/\/www.toque-musicall.com\/?p=11343","title":{"rendered":"Radames Gnattali &#8211; Samba Em Tr\u00eas Andamentos (1955)"},"content":{"rendered":"\n<figure class=\"wp-block-image size-large\"><img decoding=\"async\" src=\"https:\/\/blogger.googleusercontent.com\/img\/b\/R29vZ2xl\/AVvXsEhtrU197AgeDMetje5SnWrWH7Npnn_3h6brYC2cpQCVYsqH73dag6RpE3m45qCLn1d5HQeTWwzHFNlTMXKn4bLeWgC-oSz4pKy3ewsyTme8BsWYUK9uQ9M83dpZgdpFgt8YeFCYqBhRmPS8VxduLor2j20QW77Sc3EYH34vVp1s6s8F9trBgx4dWSgjRIq3\/w636-h640\/Capturar.JPG\" alt=\"\"\/><\/figure>\n\n\n\n<figure class=\"wp-block-image size-large\"><img decoding=\"async\" src=\"https:\/\/blogger.googleusercontent.com\/img\/b\/R29vZ2xl\/AVvXsEhAOG8dnzZLw6M2o0T7uInV2tK7JF7vz0vyZDxBN7FnNQ67psCzjvNVqooISGzecuVj2v-CscyV_SPIhUrgtXPnWpXMsuY5slGWP3uXfFwUYQ_ZvwQjA6eEkSM73gN84KTTvFQ2yo4OAB2F4f0-Yc3fTcv6Obn_0ROdf8A37iySnl4xoaUvfyu_-f1x4vZb\/w636-h640\/Capturarb.JPG\" alt=\"\"\/><\/figure>\n\n\n<div class=\"separator\">Radam\u00e9s Gnattali \u00e9 um dos nossos artistas mais presentes no Toque Musical, seja em seus discos ou nos de diversos artistas com o qual ele trabalhou por d\u00e9cadas. Radam\u00e9s foi um m\u00fasico completo, atuou no erudito e no popular e sempre com destaque, seja como compositor, instrumentista, arrajador ou maestro. Aqui temos ele em mais um disco, desta vez pelo selo Sinter, &#8220;Samba em tr\u00eas andamentos&#8221;, lp de 10 polegadas lan\u00e7ado em 1955. Temos neste, de um lado, uma suite, uma pe\u00e7a musical que d\u00e1 nome ao disco, em tr\u00eas movimentos: samba de morro, samba can\u00e7\u00e3o e samba batucada. Do outro lado temos cinco pe\u00e7as para piano solo. Radam\u00e9s nos apresenta este trabalho, al\u00e9m dos momentos solos, acompanhado por uma orquestra de cordas regida por Lyrio Panicali e um conjunto percussivo, pelo lend\u00e1rio Luciano Perrone. Disco dos mais interessantes e que merece aten\u00e7\u00e3o. Confiram&#8230;<\/div>\n<div class=\"separator\">\u00a0<\/div>\n<div class=\"separator\">samba em tr\u00eas tempos:<\/div>\n<div class=\"separator\"><i>samba de morro<\/i><\/div>\n<div class=\"separator\"><i>samba can\u00e7\u00e3o<\/i><\/div>\n<div class=\"separator\"><i>samba batucada<\/i><\/div>\n<div class=\"separator\">canhoto<\/div>\n<div class=\"separator\">vaidosa<\/div>\n<div class=\"separator\">noturno<\/div>\n<div class=\"separator\">perfumosa<\/div>\n<div class=\"separator\">porque<\/div>\n<div class=\"separator\">\u00a0<\/div>\n<div class=\"separator\">\u00a0<\/div>","protected":false},"excerpt":{"rendered":"<p>Radam\u00e9s Gnattali \u00e9 um dos nossos artistas mais presentes no Toque Musical, seja em seus discos ou nos de diversos artistas com o qual ele trabalhou por d\u00e9cadas. Radam\u00e9s foi um m\u00fasico completo, atuou no erudito e no popular e &hellip; <a href=\"https:\/\/www.toque-musicall.com\/?p=11343\">Continue lendo <span class=\"meta-nav\">&rarr;<\/span><\/a><\/p>\n","protected":false},"author":1,"featured_media":0,"comment_status":"closed","ping_status":"closed","sticky":false,"template":"","format":"standard","meta":{"footnotes":""},"categories":[1],"tags":[4764,3597],"class_list":["post-11343","post","type-post","status-publish","format-standard","hentry","category-sem-categoria","tag-radames-gnattali","tag-selo-sinter"],"_links":{"self":[{"href":"https:\/\/www.toque-musicall.com\/index.php?rest_route=\/wp\/v2\/posts\/11343","targetHints":{"allow":["GET"]}}],"collection":[{"href":"https:\/\/www.toque-musicall.com\/index.php?rest_route=\/wp\/v2\/posts"}],"about":[{"href":"https:\/\/www.toque-musicall.com\/index.php?rest_route=\/wp\/v2\/types\/post"}],"author":[{"embeddable":true,"href":"https:\/\/www.toque-musicall.com\/index.php?rest_route=\/wp\/v2\/users\/1"}],"replies":[{"embeddable":true,"href":"https:\/\/www.toque-musicall.com\/index.php?rest_route=%2Fwp%2Fv2%2Fcomments&post=11343"}],"version-history":[{"count":1,"href":"https:\/\/www.toque-musicall.com\/index.php?rest_route=\/wp\/v2\/posts\/11343\/revisions"}],"predecessor-version":[{"id":11344,"href":"https:\/\/www.toque-musicall.com\/index.php?rest_route=\/wp\/v2\/posts\/11343\/revisions\/11344"}],"wp:attachment":[{"href":"https:\/\/www.toque-musicall.com\/index.php?rest_route=%2Fwp%2Fv2%2Fmedia&parent=11343"}],"wp:term":[{"taxonomy":"category","embeddable":true,"href":"https:\/\/www.toque-musicall.com\/index.php?rest_route=%2Fwp%2Fv2%2Fcategories&post=11343"},{"taxonomy":"post_tag","embeddable":true,"href":"https:\/\/www.toque-musicall.com\/index.php?rest_route=%2Fwp%2Fv2%2Ftags&post=11343"}],"curies":[{"name":"wp","href":"https:\/\/api.w.org\/{rel}","templated":true}]}}