{"id":11349,"date":"2025-08-16T20:49:22","date_gmt":"2025-08-16T23:49:22","guid":{"rendered":"https:\/\/www.toque-musicall.com\/?p=11349"},"modified":"2025-08-26T12:44:26","modified_gmt":"2025-08-26T15:44:26","slug":"conjunto-3d-muito-na-onda-1967","status":"publish","type":"post","link":"https:\/\/www.toque-musicall.com\/?p=11349","title":{"rendered":"Conjunto 3D &#8211; Muito Na Onda (1967)"},"content":{"rendered":"\n<figure class=\"wp-block-image size-large\"><img decoding=\"async\" src=\"https:\/\/blogger.googleusercontent.com\/img\/b\/R29vZ2xl\/AVvXsEjdrjRMSTb_ID5YdhRG64pU2JU0jpJYXDHMUNW7vxoCyMj1Uk7UKAbjJ3EECljATb5nsRkdMBKBVoUif7ZageNDTSyjNi59JpMfRbBt2iLXaFwJjQN0GRX-t2oe-8EadidH3cvDbce3FRUkQklPfzhc9a9XLdNnXf_dJtGOjrB9Osx_jM3UhasE0zfkkoil\/w632-h640\/Conjunto%203D%20-%20Muito%20Na%20Onda%20(1).jpg\" alt=\"\"\/><\/figure>\n\n\n\n<figure class=\"wp-block-image size-large\"><img decoding=\"async\" src=\"https:\/\/blogger.googleusercontent.com\/img\/b\/R29vZ2xl\/AVvXsEgMhTT9D4ofpr8sZ6NLg-kgzJ9WQw4dyXDnVbsTd1XfUaCVeFGEptdSMNao7ZCn4DjPL4zLHompbeRakGwJNiSVqozSerlHie6ZQzwZnd4XCVlRTLIul0FtfknNcfBcFsoIUSx71_1P9qWOheSGx4CZfUqSyaU5ULrE5ZWp8WL05CNKrevp_JXOMCUw4ZLg\/w640-h630\/contrap.jpg\" alt=\"\"\/><\/figure>\n\n\n<div class=\"separator\">Mais um conjunto de mpb dos anos 60. Desta vez o Conjunto 3D. T\u00ednhamos certa a ideia de que j\u00e1 havia sido postado, mas n\u00e3o. Assim, hoje, pode ser uma boa oportunidade para apresentarmos o &#8220;Muito na onda&#8221;, disco que traz uma forma\u00e7\u00e3o para o 3D de Antonio Adolfo. Lan\u00e7ado em 1967 pela Copacabana, o trio d\u00e1 lugar ao conjunto que vem acrescentado com a participa\u00e7\u00e3o de Helinho, Eduardo Conde e Beth Carvalho, inciava seus v\u00f4os fonogr\u00e1ficos. Neste conjunto, al\u00e9m de Gusm\u00e3o e Nelsinho do 3D, Antonio Adolfo tamb\u00e9m chama para a festa dois dos maiores ritmistas da \u00e9poca, Rubnes Bassini e Jorginho Arena. O repert\u00f3rio, como podemos ver logo a baixo \u00e9 um misto de sucessos nacionais e internacionais que estavam muito na onda, com certeza!<\/div>\n<div class=\"separator\">\u00a0<\/div>\n<div class=\"separator\">when the saints go marching in<\/div>\n<div class=\"separator\">un homme et une femme<\/div>\n<div class=\"separator\">\u00e9 preciso cantar<\/div>\n<div class=\"separator\">patru\u00edra samba<\/div>\n<div class=\"separator\">roda<\/div>\n<div class=\"separator\">i&#8217;ve got you under my skin<\/div>\n<div class=\"separator\">night and day<\/div>\n<div class=\"separator\">see you in september<\/div>\n<div class=\"separator\">noite dos mascarados<\/div>\n<div class=\"separator\">watermellon man<\/div>\n<div class=\"separator\">winchester cathedral<\/div>\n<div class=\"separator\">canto ou fuga<\/div>\n<div class=\"separator\">sonho de lugar<\/div>\n<div class=\"separator\">\u00a0<\/div>\n<div class=\"separator\">\u00a0<\/div>\n<div class=\"separator\">.<\/div>","protected":false},"excerpt":{"rendered":"<p>Mais um conjunto de mpb dos anos 60. Desta vez o Conjunto 3D. T\u00ednhamos certa a ideia de que j\u00e1 havia sido postado, mas n\u00e3o. Assim, hoje, pode ser uma boa oportunidade para apresentarmos o &#8220;Muito na onda&#8221;, disco que &hellip; <a href=\"https:\/\/www.toque-musicall.com\/?p=11349\">Continue lendo <span class=\"meta-nav\">&rarr;<\/span><\/a><\/p>\n","protected":false},"author":1,"featured_media":0,"comment_status":"closed","ping_status":"closed","sticky":false,"template":"","format":"standard","meta":{"footnotes":""},"categories":[1],"tags":[6036,3108],"class_list":["post-11349","post","type-post","status-publish","format-standard","hentry","category-sem-categoria","tag-conjunto-3d","tag-selo-copacabana"],"_links":{"self":[{"href":"https:\/\/www.toque-musicall.com\/index.php?rest_route=\/wp\/v2\/posts\/11349","targetHints":{"allow":["GET"]}}],"collection":[{"href":"https:\/\/www.toque-musicall.com\/index.php?rest_route=\/wp\/v2\/posts"}],"about":[{"href":"https:\/\/www.toque-musicall.com\/index.php?rest_route=\/wp\/v2\/types\/post"}],"author":[{"embeddable":true,"href":"https:\/\/www.toque-musicall.com\/index.php?rest_route=\/wp\/v2\/users\/1"}],"replies":[{"embeddable":true,"href":"https:\/\/www.toque-musicall.com\/index.php?rest_route=%2Fwp%2Fv2%2Fcomments&post=11349"}],"version-history":[{"count":2,"href":"https:\/\/www.toque-musicall.com\/index.php?rest_route=\/wp\/v2\/posts\/11349\/revisions"}],"predecessor-version":[{"id":11361,"href":"https:\/\/www.toque-musicall.com\/index.php?rest_route=\/wp\/v2\/posts\/11349\/revisions\/11361"}],"wp:attachment":[{"href":"https:\/\/www.toque-musicall.com\/index.php?rest_route=%2Fwp%2Fv2%2Fmedia&parent=11349"}],"wp:term":[{"taxonomy":"category","embeddable":true,"href":"https:\/\/www.toque-musicall.com\/index.php?rest_route=%2Fwp%2Fv2%2Fcategories&post=11349"},{"taxonomy":"post_tag","embeddable":true,"href":"https:\/\/www.toque-musicall.com\/index.php?rest_route=%2Fwp%2Fv2%2Ftags&post=11349"}],"curies":[{"name":"wp","href":"https:\/\/api.w.org\/{rel}","templated":true}]}}