{"id":11353,"date":"2025-08-17T16:58:32","date_gmt":"2025-08-17T19:58:32","guid":{"rendered":"https:\/\/www.toque-musicall.com\/?p=11353"},"modified":"2025-08-23T17:00:26","modified_gmt":"2025-08-23T20:00:26","slug":"regininha-me-ajuda-que-a-voz-nao-da-1969","status":"publish","type":"post","link":"https:\/\/www.toque-musicall.com\/?p=11353","title":{"rendered":"Regininha &#8211; Me Ajuda Que A Voz N\u00e3o D\u00e1 (1969)"},"content":{"rendered":"\n<figure class=\"wp-block-image size-large\"><img decoding=\"async\" src=\"https:\/\/blogger.googleusercontent.com\/img\/b\/R29vZ2xl\/AVvXsEhFho_xRcvm-fCe4Qblg_AmuNdRNcs07z5zTzCqx6PVdFqc1UAqtm4i-Oh2507lDKOttYv9Le7mXvvBJgGNSklo2d4dQHe9gXM1AVKHNuSYaWBq4cbZgaxknoYc0ebg9b2MgwCOOt3AIWzkq22EGVJ3DBIthYy_ABndEaxjV9RsmWhYw48zz4u7AZT851qp\/w640-h626\/Capturar.JPG\" alt=\"\"\/><\/figure>\n\n\n\n<figure class=\"wp-block-image size-large\"><img decoding=\"async\" src=\"https:\/\/blogger.googleusercontent.com\/img\/b\/R29vZ2xl\/AVvXsEguqp5Vhm8PsEVZ_Qx3mtI-FZwX_TFkV3kxA-GDDHWczxCPaHdxobx3d6y-HrhsytLuJ8VLhqMa1xBDfTnBw9rHHq5S5r2cD-XxYHbbBry-HQQygKYXaiHwS-NMeiGG1QP5k-imUvfhlExnrsahZxsOUaIn0DuWCzU-6-5qwzMLOTwa-_kjAljovuvxsQ0m\/w640-h628\/Capturarb.JPG\" alt=\"\"\/><\/figure>\n\n\n<div class=\"separator\">&#8220;Me ajuda que a voz n\u00e3o d\u00e1&#8221;, disco destacando a cantora Regininha, musa da Turma da Pilantragem. Lan\u00e7ado em 1969 pelo selo Polydor. J\u00e1 tivemos a oportunidade de trazer um compacto com duas m\u00fasicas deste disco. Agora chegou a vez do lp. A curiosidade do t\u00edtulo tem a ver com a quinta faixa do lado 2, num determinado ponto do pot pourri, Primavera, de Carlos Lyra e Vinicius, ela pede socorro ao coro: &#8216;me ajuda que a voz n\u00e3o d\u00e1&#8217;. E isso \u00e9 mantindo na grava\u00e7\u00e3o, o que por certo caiu como uma luva.<\/div>\n<div class=\"separator\">\u00a0<\/div>\n<div class=\"separator\">menino de bra\u00e7an\u00e3 &#8211; menino passarinho<\/div>\n<div class=\"separator\">telegrama<\/div>\n<div class=\"separator\">cantiga errante<\/div>\n<div class=\"separator\">l\u00edrica n\u00ba1<\/div>\n<div class=\"separator\">fim de noite<\/div>\n<div class=\"separator\">tem d\u00f3<\/div>\n<div class=\"separator\">pior pra voc\u00ea &#8211; concei\u00e7\u00e3o &#8211; menina mo\u00e7a<\/div>\n<div class=\"separator\">mas eu j\u00e1 fiz a sua trouxa &#8211; lamento da lavadeira -2002<\/div>\n<div class=\"separator\">nossos momentos &#8211; bronzes e cristais<\/div>\n<div class=\"separator\">chuva<\/div>\n<div class=\"separator\">pra voc\u00ea<\/div>\n<div class=\"separator\">d\u00f3-r\u00e9-mi &#8211; primavera &#8211; gosto que me enrosco<\/div>\n<div class=\"separator\">deixa a nega gingar<\/div>\n<div class=\"separator\">\u00a0<\/div>\n<div class=\"separator\">\u00a0<\/div>\n<div class=\"separator\">.<\/div>\n<div class=\"separator\">\u00a0<\/div>","protected":false},"excerpt":{"rendered":"<p>&#8220;Me ajuda que a voz n\u00e3o d\u00e1&#8221;, disco destacando a cantora Regininha, musa da Turma da Pilantragem. Lan\u00e7ado em 1969 pelo selo Polydor. J\u00e1 tivemos a oportunidade de trazer um compacto com duas m\u00fasicas deste disco. Agora chegou a vez &hellip; <a href=\"https:\/\/www.toque-musicall.com\/?p=11353\">Continue lendo <span class=\"meta-nav\">&rarr;<\/span><\/a><\/p>\n","protected":false},"author":1,"featured_media":0,"comment_status":"closed","ping_status":"closed","sticky":false,"template":"","format":"standard","meta":{"footnotes":""},"categories":[1],"tags":[6038,6037,3057],"class_list":["post-11353","post","type-post","status-publish","format-standard","hentry","category-sem-categoria","tag-a-turma-da-pilantragem","tag-regininha","tag-selo-polydor"],"_links":{"self":[{"href":"https:\/\/www.toque-musicall.com\/index.php?rest_route=\/wp\/v2\/posts\/11353","targetHints":{"allow":["GET"]}}],"collection":[{"href":"https:\/\/www.toque-musicall.com\/index.php?rest_route=\/wp\/v2\/posts"}],"about":[{"href":"https:\/\/www.toque-musicall.com\/index.php?rest_route=\/wp\/v2\/types\/post"}],"author":[{"embeddable":true,"href":"https:\/\/www.toque-musicall.com\/index.php?rest_route=\/wp\/v2\/users\/1"}],"replies":[{"embeddable":true,"href":"https:\/\/www.toque-musicall.com\/index.php?rest_route=%2Fwp%2Fv2%2Fcomments&post=11353"}],"version-history":[{"count":1,"href":"https:\/\/www.toque-musicall.com\/index.php?rest_route=\/wp\/v2\/posts\/11353\/revisions"}],"predecessor-version":[{"id":11354,"href":"https:\/\/www.toque-musicall.com\/index.php?rest_route=\/wp\/v2\/posts\/11353\/revisions\/11354"}],"wp:attachment":[{"href":"https:\/\/www.toque-musicall.com\/index.php?rest_route=%2Fwp%2Fv2%2Fmedia&parent=11353"}],"wp:term":[{"taxonomy":"category","embeddable":true,"href":"https:\/\/www.toque-musicall.com\/index.php?rest_route=%2Fwp%2Fv2%2Fcategories&post=11353"},{"taxonomy":"post_tag","embeddable":true,"href":"https:\/\/www.toque-musicall.com\/index.php?rest_route=%2Fwp%2Fv2%2Ftags&post=11353"}],"curies":[{"name":"wp","href":"https:\/\/api.w.org\/{rel}","templated":true}]}}