{"id":11355,"date":"2025-08-18T17:49:57","date_gmt":"2025-08-18T20:49:57","guid":{"rendered":"https:\/\/www.toque-musicall.com\/?p=11355"},"modified":"2025-08-24T17:56:35","modified_gmt":"2025-08-24T20:56:35","slug":"o-sapo-astronauta-1970","status":"publish","type":"post","link":"https:\/\/www.toque-musicall.com\/?p=11355","title":{"rendered":"O Sapo Astronauta (1970)"},"content":{"rendered":"\n<figure class=\"wp-block-image size-large\"><img decoding=\"async\" src=\"https:\/\/blogger.googleusercontent.com\/img\/b\/R29vZ2xl\/AVvXsEjF6vn99Ol566z9O92PHQUwMU1UAq-oK7t0s0Q9_GZAvn7QIcborFcU1t9O2HnpWyjUyxVh32ruH6FlKc1ycnIxI2eIuisrSE0H9KTM5HKejGe76yLbsdz0zdqSNdRzLK884VpMQOHLA2YMV3v4bHB6vp_ItJyIC_lgywwsdcotfMa9_2d1FHA4RiExqdVg\/w640-h638\/Capturar.JPG\" alt=\"\"\/><\/figure>\n\n\n\n<figure class=\"wp-block-image size-large\"><img decoding=\"async\" src=\"https:\/\/blogger.googleusercontent.com\/img\/b\/R29vZ2xl\/AVvXsEhhG7IYgsU-07MEn1nYuVArhBGXAHtEygO_T-l0otPR4It7F9ki2gwsFhRHMSF4F-4TCVyZBOEHE7wDcvYSL95o1rNghmsVOd-ybZPU5TdhUeCPlhqvZsG06xC-ts0JsXz8gxad2dKfTDjPaDpvvbD8_aBn86jihdaUseLHevkE419tKkyoxlkfX4-DBiB7\/w632-h640\/Capturarb.JPG\" alt=\"\"\/><\/figure>\n\n\n<div class=\"separator\">Aqui um lp a ser considerado&#8230; Por certo, um disco voltado para o p\u00fablico infantil. Lan\u00e7ado em 1970 pelo selo Ritmos. Este \u00e9 um \u00e1lbum que se destaca logo o colocamos para tocar. Ao contr\u00e1rio de muitos outros trabalhos fonogr\u00e1ficos destinado a um p\u00fablico infantil, &#8220;O Sapo Astronauta&#8221; n\u00e3o \u00e9 um disco de historinhas, mas de m\u00fasicas e diga-se de passagem, bem acima do esperado, com qualidades, tanto na cria\u00e7\u00e3o quanto na produ\u00e7\u00e3o. Um trabalho que tamb\u00e9m agrada ao p\u00fablico adulto. M\u00fasicas criadas por Esther Flora Glanzer, em parceiria com outros compositores, entre os quais, Reginaldo Bessa que tamb\u00e9m assina a dire\u00e7\u00e3o musical. N\u00e3o h\u00e1 muita informa\u00e7\u00e3o sobre Ester (aqui, sem o H), mas ao que tudo indica, ela deve ter sido uma educadora e tamb\u00e9m aparece em outras parceirias musicais, inclusive com o Bessa. O disco \u00e9 mesmo muito bom de se ouvir, talvez agrade mais aos adultos \ud83d\ude42<\/div>\n<div class=\"separator\">\u00a0<\/div>\n<div class=\"separator\">o sapo astronauta<\/div>\n<div class=\"separator\">um dia depois do outro<\/div>\n<div class=\"separator\">hist\u00f3ria e geografia<\/div>\n<div class=\"separator\">namoradinhos<\/div>\n<div class=\"separator\">hist\u00f3rieas em cubinhos<\/div>\n<div class=\"separator\">aventuras no amazonas<\/div>\n<div class=\"separator\">o saci e o tubar\u00e3o<\/div>\n<div class=\"separator\">minha rua<\/div>\n<div class=\"separator\">caixinha de m\u00fasica<\/div>\n<div class=\"separator\">o bondinho<\/div>\n<div class=\"separator\">viagem supersonica<\/div>\n<div class=\"separator\">eu vou ser<\/div>\n<div class=\"separator\">\u00a0<\/div>\n<div class=\"separator\">\u00a0<\/div>\n<div class=\"separator\">.<\/div>\n<div class=\"separator\">\u00a0<\/div>","protected":false},"excerpt":{"rendered":"<p>Aqui um lp a ser considerado&#8230; Por certo, um disco voltado para o p\u00fablico infantil. Lan\u00e7ado em 1970 pelo selo Ritmos. Este \u00e9 um \u00e1lbum que se destaca logo o colocamos para tocar. Ao contr\u00e1rio de muitos outros trabalhos fonogr\u00e1ficos &hellip; <a href=\"https:\/\/www.toque-musicall.com\/?p=11355\">Continue lendo <span class=\"meta-nav\">&rarr;<\/span><\/a><\/p>\n","protected":false},"author":1,"featured_media":0,"comment_status":"closed","ping_status":"closed","sticky":false,"template":"","format":"standard","meta":{"footnotes":""},"categories":[1],"tags":[6039,6040,5244],"class_list":["post-11355","post","type-post","status-publish","format-standard","hentry","category-sem-categoria","tag-esther-flora-glanzer","tag-reginaldo-bessa","tag-selo-ritmos-codil"],"_links":{"self":[{"href":"https:\/\/www.toque-musicall.com\/index.php?rest_route=\/wp\/v2\/posts\/11355","targetHints":{"allow":["GET"]}}],"collection":[{"href":"https:\/\/www.toque-musicall.com\/index.php?rest_route=\/wp\/v2\/posts"}],"about":[{"href":"https:\/\/www.toque-musicall.com\/index.php?rest_route=\/wp\/v2\/types\/post"}],"author":[{"embeddable":true,"href":"https:\/\/www.toque-musicall.com\/index.php?rest_route=\/wp\/v2\/users\/1"}],"replies":[{"embeddable":true,"href":"https:\/\/www.toque-musicall.com\/index.php?rest_route=%2Fwp%2Fv2%2Fcomments&post=11355"}],"version-history":[{"count":1,"href":"https:\/\/www.toque-musicall.com\/index.php?rest_route=\/wp\/v2\/posts\/11355\/revisions"}],"predecessor-version":[{"id":11356,"href":"https:\/\/www.toque-musicall.com\/index.php?rest_route=\/wp\/v2\/posts\/11355\/revisions\/11356"}],"wp:attachment":[{"href":"https:\/\/www.toque-musicall.com\/index.php?rest_route=%2Fwp%2Fv2%2Fmedia&parent=11355"}],"wp:term":[{"taxonomy":"category","embeddable":true,"href":"https:\/\/www.toque-musicall.com\/index.php?rest_route=%2Fwp%2Fv2%2Fcategories&post=11355"},{"taxonomy":"post_tag","embeddable":true,"href":"https:\/\/www.toque-musicall.com\/index.php?rest_route=%2Fwp%2Fv2%2Ftags&post=11355"}],"curies":[{"name":"wp","href":"https:\/\/api.w.org\/{rel}","templated":true}]}}