{"id":11357,"date":"2025-08-19T19:11:48","date_gmt":"2025-08-19T22:11:48","guid":{"rendered":"https:\/\/www.toque-musicall.com\/?p=11357"},"modified":"2025-08-25T19:14:40","modified_gmt":"2025-08-25T22:14:40","slug":"altino-soares-da-silva-discos-voadores-dos-mundos-siderais-197","status":"publish","type":"post","link":"https:\/\/www.toque-musicall.com\/?p=11357","title":{"rendered":"Altino Soares Da Silva &#8211; Discos Voadores Dos Mundos Siderais (197&#8230;)\u00a0"},"content":{"rendered":"\n<figure class=\"wp-block-image size-large\"><img decoding=\"async\" src=\"https:\/\/blogger.googleusercontent.com\/img\/b\/R29vZ2xl\/AVvXsEjOCUoAJmiFTutjmVGXP0pnD8dfRoM9Fd9vdYXs0vOXOEQMlMWoylEGo-dK37JlYZfS0t6Pf0sV7VsNmDCS-UrRfyUsVrOAYg8eMlgWycU_JZng8pTODeHf3L7kqmqYyz-7j1IeueWVLzQ3qqdb0_2UeTEetpDdopiMgibH9AoVG5sQ15gXZ6dlWuR4E7iL\/w630-h640\/capa.jpg\" alt=\"\"\/><\/figure>\n\n\n\n<figure class=\"wp-block-image size-large\"><img decoding=\"async\" src=\"https:\/\/blogger.googleusercontent.com\/img\/b\/R29vZ2xl\/AVvXsEgBGkoMmbmJ7Vi2nCGRlJBJw1u8vtJyoBhv8pNl3CLf8zGNecqw_HbfubTosVlXgMWF3xN3FmgJw2SKDEALztaYM_gpzlJzPZzyNjOdW9r_BJZAajztsvhx4chJUSCNwf4afyvORuWC-rLcEQIkrQpcerZvdYxVhoxaScY9sgJvfIV6uJOmt6QpRqaNHLzo\/w632-h640\/contra.jpg\" alt=\"\"\/><\/figure>\n\n\n<div class=\"separator\">N\u00e3o faz muito tempo, voltou a aparecer na imprensa e em m\u00eddias sociais este curioso compacto. Um dos nossos &#8216;amigos cultos &amp; ocultos&#8217; j\u00e1 havia enviado para n\u00f3s o arquivo do disquinho, mas por completa falta de informa\u00e7\u00e3o ele acabou ficando na gaveta. Trata-se de um compacto simples, produ\u00e7\u00e3o independente com duas m\u00fasicas. Recentemente o assunto sobre o disco voltou a tona. Por conta de sua raridade e principalmente por ter sido elevado \u00e0 classe dos discos mais caros gravados no Brasil (pode?). \u00c9 o mundo das especula\u00e7\u00f5es, do modismo do colecionismo para quem tem dinheiro sobrando.\u00a0<\/div>\n<div class=\"separator\">Nos anos 90 o disquinho foi apresentado ao p\u00fablico atrav\u00e9s de um convidado, no programa do J\u00f4 Soares, que naturalmente tamb\u00e9m ficou curioso e ali mesmo iniciou uma campanha para localizar o artista para uma entrevista, mas Altino nunca apareceu e ningu\u00e9m falou por ele. Os fonogramas acabaram indo parar no Youtube e no Spotfile e claro, com o &#8216;status&#8217; de raridade. Do pouco que se sabe sobre o artista e que circula por a\u00ed \u00e9 que Altino Soares da Silva era pernambucano, morava no Rio de Janeiro e era servente de pedreiro. A raz\u00e3o que levou Altino a gravar esse disco, supostamente tem a ver com alguma experi\u00eancia que ele viveu com extraterrestres, seja na real ou numa alucina\u00e7\u00e3o. Talvez tenha sido mesmo abdusido. Talvez estivesse inspirado num assunto que muito chamava a aten\u00e7\u00e3o das pessoas naquela \u00e9poca. E o que evidencia ainda mais essas ideias \u00e9 o pequeno texto na contracapa:\u00a0<i>&#8220;Relato interplanet\u00e1rio de uma viagem a outro planeta com Altino Soares da Silva e dois extraterrenos. Pilotando em uma nave que eles deram o nome de discos voadores.&#8221;<\/i>\u00a0<\/div>\n<div class=\"separator\">Altino Soares da Silva nunca foi localizado, por certo j\u00e1 morreu ou foi levado em um disco voador. Deixou apenas este sete polegadas com esses dois sambas:<\/div>\n<div class=\"separator\">\u00a0<\/div>\n<div class=\"separator\">discos voadores dos mundos siderais<\/div>\n<div class=\"separator\">maria cec\u00edlia<\/div>\n<div class=\"separator\">\u00a0<\/div>\n<div class=\"separator\">\u00a0<\/div>\n<div class=\"separator\">\u00a0<\/div>","protected":false},"excerpt":{"rendered":"<p>N\u00e3o faz muito tempo, voltou a aparecer na imprensa e em m\u00eddias sociais este curioso compacto. Um dos nossos &#8216;amigos cultos &amp; ocultos&#8217; j\u00e1 havia enviado para n\u00f3s o arquivo do disquinho, mas por completa falta de informa\u00e7\u00e3o ele acabou &hellip; <a href=\"https:\/\/www.toque-musicall.com\/?p=11357\">Continue lendo <span class=\"meta-nav\">&rarr;<\/span><\/a><\/p>\n","protected":false},"author":1,"featured_media":0,"comment_status":"closed","ping_status":"closed","sticky":false,"template":"","format":"standard","meta":{"footnotes":""},"categories":[1],"tags":[6041,5679,3017],"class_list":["post-11357","post","type-post","status-publish","format-standard","hentry","category-sem-categoria","tag-altino-soares-da-silva","tag-compacto","tag-selo-independente"],"_links":{"self":[{"href":"https:\/\/www.toque-musicall.com\/index.php?rest_route=\/wp\/v2\/posts\/11357","targetHints":{"allow":["GET"]}}],"collection":[{"href":"https:\/\/www.toque-musicall.com\/index.php?rest_route=\/wp\/v2\/posts"}],"about":[{"href":"https:\/\/www.toque-musicall.com\/index.php?rest_route=\/wp\/v2\/types\/post"}],"author":[{"embeddable":true,"href":"https:\/\/www.toque-musicall.com\/index.php?rest_route=\/wp\/v2\/users\/1"}],"replies":[{"embeddable":true,"href":"https:\/\/www.toque-musicall.com\/index.php?rest_route=%2Fwp%2Fv2%2Fcomments&post=11357"}],"version-history":[{"count":1,"href":"https:\/\/www.toque-musicall.com\/index.php?rest_route=\/wp\/v2\/posts\/11357\/revisions"}],"predecessor-version":[{"id":11358,"href":"https:\/\/www.toque-musicall.com\/index.php?rest_route=\/wp\/v2\/posts\/11357\/revisions\/11358"}],"wp:attachment":[{"href":"https:\/\/www.toque-musicall.com\/index.php?rest_route=%2Fwp%2Fv2%2Fmedia&parent=11357"}],"wp:term":[{"taxonomy":"category","embeddable":true,"href":"https:\/\/www.toque-musicall.com\/index.php?rest_route=%2Fwp%2Fv2%2Fcategories&post=11357"},{"taxonomy":"post_tag","embeddable":true,"href":"https:\/\/www.toque-musicall.com\/index.php?rest_route=%2Fwp%2Fv2%2Ftags&post=11357"}],"curies":[{"name":"wp","href":"https:\/\/api.w.org\/{rel}","templated":true}]}}