{"id":11362,"date":"2025-08-21T21:03:32","date_gmt":"2025-08-22T00:03:32","guid":{"rendered":"https:\/\/www.toque-musicall.com\/?p=11362"},"modified":"2025-08-28T21:21:47","modified_gmt":"2025-08-29T00:21:47","slug":"norma-avian-piccolissima-serenata-1958","status":"publish","type":"post","link":"https:\/\/www.toque-musicall.com\/?p=11362","title":{"rendered":"Norma Avian &#8211; Piccolissima Serenata (1958)"},"content":{"rendered":"\n<figure class=\"wp-block-image size-large\"><img decoding=\"async\" src=\"https:\/\/blogger.googleusercontent.com\/img\/b\/R29vZ2xl\/AVvXsEhZ-P6Dn7w0NvPbhgkSmlhAlVlhFuOVQclUmKxn0nA2tJb4RjcLnPOgX5ewY0L8afnEe_0grloR6SjWgSwfS-j4aBsj1xoCVJRzraptTgweY7DKmRUSG-fyxJUji1c8bdOoeBdWOlqe3zqZYOiyibFAI45ztFbiYMgD32N1lT4tbRGsM6Eg50LrLZ0XStmO\/w640-h634\/Capturar.JPG\" alt=\"\"\/><\/figure>\n\n\n\n<figure class=\"wp-block-image size-large\"><img decoding=\"async\" src=\"https:\/\/blogger.googleusercontent.com\/img\/b\/R29vZ2xl\/AVvXsEgEmk6TsUmi35xuuBOOpADNxQswcY8xlPFsNcGRo5Uir48hY4QalROG94Kvk8GVr9VbF6pypEawI_ayiGrHdRuDy7XD_QhkqZ4ljTH1jJ1fg8q9Ul4Q-dW70kKlBhv5GlXj5UXLiRfmG0uK0Q8c83ByuXn92TjPL0sisjH3KNeZCls5U01Pxy_xBq-Es81d\/w640-h626\/Capturarb.JPG\" alt=\"\"\/><\/figure>\n\n\n<div class=\"separator\">Hoje, nosso encontro \u00e9 com a cantora Norma Avian e a m\u00fasica italiana. Calma l\u00e1, n\u00e3o se trata de uma atra\u00e7\u00e3o internacional. Para os que n\u00e3o conhecem, foi uma cantora que iniciou sua carreira em um grupo vocal, o Trio Itapu\u00e3, ainda nos anos 40. Norma Avian atuou em r\u00e1dios e tamb\u00e9m na tv paulista. Gravou uma dezena de discos, entre 10 polegadas e lps. Um desses discos \u00e9 &#8220;Piccolissima Serenata&#8221;, lp que ela gravou pela Columbia, em 1958, com arranjos e orquestra do maestro Waldemiro Lemke. Doze can\u00e7\u00f5es italianas&#8230; Molto bello da sentire, dai un&#8217;occhiata!<\/div>\n<div class=\"separator\">\u00a0<\/div>\n<div class=\"separator\">piccolissima serenata<\/div>\n<div class=\"separator\">stornellacci alla toscana<\/div>\n<div class=\"separator\">un angelo e sceso a brooklyn<\/div>\n<div class=\"separator\">comme facette mammete<\/div>\n<div class=\"separator\">casetta in canada<\/div>\n<div class=\"separator\">luna rossa<\/div>\n<div class=\"separator\">melodia d&#8217;amore<\/div>\n<div class=\"separator\">chitarra romana<\/div>\n<div class=\"separator\">il nostro giorno<\/div>\n<div class=\"separator\">marechiare<\/div>\n<div class=\"separator\">vogliamoci tanto bene<\/div>\n<div class=\"separator\">&#8216;na sera &#8216;e maggio<\/div>\n<div class=\"separator\">\u00a0<\/div>\n<div class=\"separator\">\u00a0<\/div>","protected":false},"excerpt":{"rendered":"<p>Hoje, nosso encontro \u00e9 com a cantora Norma Avian e a m\u00fasica italiana. Calma l\u00e1, n\u00e3o se trata de uma atra\u00e7\u00e3o internacional. Para os que n\u00e3o conhecem, foi uma cantora que iniciou sua carreira em um grupo vocal, o Trio &hellip; <a href=\"https:\/\/www.toque-musicall.com\/?p=11362\">Continue lendo <span class=\"meta-nav\">&rarr;<\/span><\/a><\/p>\n","protected":false},"author":1,"featured_media":0,"comment_status":"closed","ping_status":"closed","sticky":false,"template":"","format":"standard","meta":{"footnotes":""},"categories":[1],"tags":[6043,3238],"class_list":["post-11362","post","type-post","status-publish","format-standard","hentry","category-sem-categoria","tag-norma-avian","tag-selo-columbia"],"_links":{"self":[{"href":"https:\/\/www.toque-musicall.com\/index.php?rest_route=\/wp\/v2\/posts\/11362","targetHints":{"allow":["GET"]}}],"collection":[{"href":"https:\/\/www.toque-musicall.com\/index.php?rest_route=\/wp\/v2\/posts"}],"about":[{"href":"https:\/\/www.toque-musicall.com\/index.php?rest_route=\/wp\/v2\/types\/post"}],"author":[{"embeddable":true,"href":"https:\/\/www.toque-musicall.com\/index.php?rest_route=\/wp\/v2\/users\/1"}],"replies":[{"embeddable":true,"href":"https:\/\/www.toque-musicall.com\/index.php?rest_route=%2Fwp%2Fv2%2Fcomments&post=11362"}],"version-history":[{"count":1,"href":"https:\/\/www.toque-musicall.com\/index.php?rest_route=\/wp\/v2\/posts\/11362\/revisions"}],"predecessor-version":[{"id":11363,"href":"https:\/\/www.toque-musicall.com\/index.php?rest_route=\/wp\/v2\/posts\/11362\/revisions\/11363"}],"wp:attachment":[{"href":"https:\/\/www.toque-musicall.com\/index.php?rest_route=%2Fwp%2Fv2%2Fmedia&parent=11362"}],"wp:term":[{"taxonomy":"category","embeddable":true,"href":"https:\/\/www.toque-musicall.com\/index.php?rest_route=%2Fwp%2Fv2%2Fcategories&post=11362"},{"taxonomy":"post_tag","embeddable":true,"href":"https:\/\/www.toque-musicall.com\/index.php?rest_route=%2Fwp%2Fv2%2Ftags&post=11362"}],"curies":[{"name":"wp","href":"https:\/\/api.w.org\/{rel}","templated":true}]}}