{"id":11366,"date":"2025-08-23T11:40:45","date_gmt":"2025-08-23T14:40:45","guid":{"rendered":"https:\/\/www.toque-musicall.com\/?p=11366"},"modified":"2025-08-30T11:45:40","modified_gmt":"2025-08-30T14:45:40","slug":"meirelles-e-os-copa-5-o-novo-som-1965","status":"publish","type":"post","link":"https:\/\/www.toque-musicall.com\/?p=11366","title":{"rendered":"Meirelles E Os Copa 5 &#8211; O Novo Som (1965)"},"content":{"rendered":"\n<figure class=\"wp-block-image size-large\"><img decoding=\"async\" src=\"https:\/\/blogger.googleusercontent.com\/img\/b\/R29vZ2xl\/AVvXsEh8BApWEIiO6IhqegQ1n2kG6g6FJ1If_XuoZmhimkcVWoF4T6Tusr3OhvK2g6N4hXK8leVl5XD_4XcKTjlKKDk66aBq8_IGgucqx5SV4LEfSAO_94HVnB34l3fuFOyhDotDgBCH9cnBrTRkc3vpAkEJCuvcn6VIA-eaOpwy-Qg_hPkL55hQa_3zF_O8y_mR\/w632-h640\/Capturar.JPG\" alt=\"\"\/><\/figure>\n\n\n\n<figure class=\"wp-block-image size-large\"><img decoding=\"async\" src=\"https:\/\/blogger.googleusercontent.com\/img\/b\/R29vZ2xl\/AVvXsEi6Yz873VxLrST9Z11TcfWaz2Em8PmQmxOzqUGdjLcLS42bOrDMSaRWLWyt8M_qzu_6xqyLCMdvuGAQaUx8-BNrZdKYBIl-OuGBFJ9hM_JdihP7_sUk_Pzy0dUSeb-uVd_THmpfLCl9jHef3TQHM6OjvLqEfG0MeKyu39rROPyrZ0uOCV4w2CMYmWHdFWAh\/w640-h616\/Capturarb.JPG\" alt=\"\"\/><\/figure>\n\n\n<div class=\"separator\" data-original-attrs=\"{&quot;style&quot;:&quot;&quot;}\">E j\u00e1 que falamos de Meirelles, de disco bacana, olha ent\u00e3o isso aqui&#8230; Caramba, um agrupamento musical de primeir\u00edssima linha. Al\u00e9m do Meirelles temos nessa nova forma\u00e7\u00e3o do Copa 5, Roberto Menescal, Eumir Deodato, Waltel Branco, Gusm\u00e3o e Edson Machado, um time de m\u00fasicos que despensa maiores apresenta\u00e7\u00f5es. Um aut\u00eantico disco de samba-jazz, bossa-jazz, que n\u00e3o d\u00e1 para passar batido. O repert\u00f3rio, tamb\u00e9m impec\u00e1vel. Disco nota 10!<\/div>\n<div class=\"separator\" data-original-attrs=\"{&quot;style&quot;:&quot;&quot;}\">\u00a0<\/div>\n<div class=\"separator\" data-original-attrs=\"{&quot;style&quot;:&quot;&quot;}\">novo som<\/div>\n<div class=\"separator\" data-original-attrs=\"{&quot;style&quot;:&quot;&quot;}\">voc\u00ea<\/div>\n<div class=\"separator\" data-original-attrs=\"{&quot;style&quot;:&quot;&quot;}\">samba do carioca<\/div>\n<div class=\"separator\" data-original-attrs=\"{&quot;style&quot;:&quot;&quot;}\">preciso aprender a ser s\u00f3<\/div>\n<div class=\"separator\" data-original-attrs=\"{&quot;style&quot;:&quot;&quot;}\">serelepe<\/div>\n<div class=\"separator\" data-original-attrs=\"{&quot;style&quot;:&quot;&quot;}\">balan\u00e7o zona sul<\/div>\n<div class=\"separator\" data-original-attrs=\"{&quot;style&quot;:&quot;&quot;}\">pensativa<\/div>\n<div class=\"separator\" data-original-attrs=\"{&quot;style&quot;:&quot;&quot;}\">solo<\/div>\n<div class=\"separator\" data-original-attrs=\"{&quot;style&quot;:&quot;&quot;}\">ela \u00e9 carioca<\/div>\n<div class=\"separator\" data-original-attrs=\"{&quot;style&quot;:&quot;&quot;}\">diz que fui por a\u00ed<\/div>\n<div class=\"separator\" data-original-attrs=\"{&quot;style&quot;:&quot;&quot;}\">samba de ver\u00e3o<\/div>\n<div class=\"separator\" data-original-attrs=\"{&quot;style&quot;:&quot;&quot;}\">\u00a0<\/div>\n<div class=\"separator\" data-original-attrs=\"{&quot;style&quot;:&quot;&quot;}\">\u00a0<\/div>\n<div class=\"separator\" data-original-attrs=\"{&quot;style&quot;:&quot;&quot;}\">.<\/div>","protected":false},"excerpt":{"rendered":"<p>E j\u00e1 que falamos de Meirelles, de disco bacana, olha ent\u00e3o isso aqui&#8230; Caramba, um agrupamento musical de primeir\u00edssima linha. Al\u00e9m do Meirelles temos nessa nova forma\u00e7\u00e3o do Copa 5, Roberto Menescal, Eumir Deodato, Waltel Branco, Gusm\u00e3o e Edson Machado, &hellip; <a href=\"https:\/\/www.toque-musicall.com\/?p=11366\">Continue lendo <span class=\"meta-nav\">&rarr;<\/span><\/a><\/p>\n","protected":false},"author":1,"featured_media":0,"comment_status":"closed","ping_status":"closed","sticky":false,"template":"","format":"standard","meta":{"footnotes":""},"categories":[1],"tags":[6047,6046,3100,6045,3617,3012,5287],"class_list":["post-11366","post","type-post","status-publish","format-standard","hentry","category-sem-categoria","tag-copa-5","tag-edsom-machado","tag-eumir-deodato","tag-joao-theodoro-meirelles","tag-roberto-menescal","tag-selo-philips","tag-waltel-branco"],"_links":{"self":[{"href":"https:\/\/www.toque-musicall.com\/index.php?rest_route=\/wp\/v2\/posts\/11366","targetHints":{"allow":["GET"]}}],"collection":[{"href":"https:\/\/www.toque-musicall.com\/index.php?rest_route=\/wp\/v2\/posts"}],"about":[{"href":"https:\/\/www.toque-musicall.com\/index.php?rest_route=\/wp\/v2\/types\/post"}],"author":[{"embeddable":true,"href":"https:\/\/www.toque-musicall.com\/index.php?rest_route=\/wp\/v2\/users\/1"}],"replies":[{"embeddable":true,"href":"https:\/\/www.toque-musicall.com\/index.php?rest_route=%2Fwp%2Fv2%2Fcomments&post=11366"}],"version-history":[{"count":1,"href":"https:\/\/www.toque-musicall.com\/index.php?rest_route=\/wp\/v2\/posts\/11366\/revisions"}],"predecessor-version":[{"id":11367,"href":"https:\/\/www.toque-musicall.com\/index.php?rest_route=\/wp\/v2\/posts\/11366\/revisions\/11367"}],"wp:attachment":[{"href":"https:\/\/www.toque-musicall.com\/index.php?rest_route=%2Fwp%2Fv2%2Fmedia&parent=11366"}],"wp:term":[{"taxonomy":"category","embeddable":true,"href":"https:\/\/www.toque-musicall.com\/index.php?rest_route=%2Fwp%2Fv2%2Fcategories&post=11366"},{"taxonomy":"post_tag","embeddable":true,"href":"https:\/\/www.toque-musicall.com\/index.php?rest_route=%2Fwp%2Fv2%2Ftags&post=11366"}],"curies":[{"name":"wp","href":"https:\/\/api.w.org\/{rel}","templated":true}]}}