{"id":11368,"date":"2025-08-24T13:02:47","date_gmt":"2025-08-24T16:02:47","guid":{"rendered":"https:\/\/www.toque-musicall.com\/?p=11368"},"modified":"2025-08-30T13:04:48","modified_gmt":"2025-08-30T16:04:48","slug":"joao-roberto-kelly-e-as-vocalistas-garotas-no-balanco-1962","status":"publish","type":"post","link":"https:\/\/www.toque-musicall.com\/?p=11368","title":{"rendered":"Jo\u00e3o Roberto Kelly E As Vocalistas &#8211; Garotas No Balanco (1962)"},"content":{"rendered":"\n<figure class=\"wp-block-image size-large\"><img decoding=\"async\" src=\"https:\/\/blogger.googleusercontent.com\/img\/b\/R29vZ2xl\/AVvXsEgeFk5cIoR4nZC5iQQJa1p5IVqW-Gz6fXecCXxblV98FrA9DSJb_hwyrMvE7Uj0rNM07NjUDZp3mweFcH9HXgqi-sFFgtmqhmvNnv3QzI9rGbAwvLkZZFoYnW6iuqLNAEbXX787i3LRJRpxchspG5NXqsY4xYjsjkiYQMix7EBS_BRhjQwsWVPz3a9fy5sq\/w640-h596\/Capturar.JPG\" alt=\"\"\/><\/figure>\n\n\n\n<figure class=\"wp-block-image size-large\"><img decoding=\"async\" src=\"https:\/\/blogger.googleusercontent.com\/img\/b\/R29vZ2xl\/AVvXsEgnpjyyjr6DxSTJLtOUQdZGvCMEsFQV2B_ZA8G5Pi2jv9bkUJi9kGDdvUdnbopUqlgTze8Tei9fQ0q8tQa5e9Uw9jFD9EVNvRGhDynxFe-S8Bfe_le6ZWpBiOc9Y75jhrLvKcGBp54ml58rsIIbinXtWElzVCLBh9eRf_FAKVHqv6mgMUpNKAbfK3VHBa5i\/w618-h640\/Capturarb.JPG\" alt=\"\"\/><\/figure>\n\n\n<div class=\"separator\">No balan\u00e7o do samba seguimos agora com mais um lp de samba-bossa, Jo\u00e3o Roberto Kelly e seu conjunto vocal feminino. Lp lan\u00e7ado pelo selo Musicolor, em 1962. J\u00e1 estampado na capa temos o repert\u00f3rio, recheado de sambas com uma pegada dan\u00e7ante, marcada pelos ritmos que estavam em alta naquele in\u00edcio dos anos 60, como a bossa nova e o samba balan\u00e7ado. As &#8216;vocalistas&#8217; s\u00e3o o destaque, adicionam um charme e suavidade nas composi\u00e7\u00f5es. Mais um disco bem legal de se conhecer e ouvir. Confiram no GTM&#8230;<\/div>\n<div class=\"separator\">\u00a0<\/div>\n<div class=\"separator\">piada<\/div>\n<div class=\"separator\">maria maria maria<\/div>\n<div class=\"separator\">samba e mulata<\/div>\n<div class=\"separator\">verinha twist<\/div>\n<div class=\"separator\">onde o samba nasceu<\/div>\n<div class=\"separator\">samba tof<\/div>\n<div class=\"separator\">pororo popo<\/div>\n<div class=\"separator\">guarde o teu sorriso<\/div>\n<div class=\"separator\">gama\u00e7\u00e3o<\/div>\n<div class=\"separator\">samba brasileiro<\/div>\n<div class=\"separator\">u\u00e9&#8230;<\/div>\n<div class=\"separator\">samba de teleco teco<\/div>\n<div class=\"separator\">\u00a0<\/div>\n<div class=\"separator\">\u00a0<\/div>\n<div class=\"separator\">.<\/div>","protected":false},"excerpt":{"rendered":"<p>No balan\u00e7o do samba seguimos agora com mais um lp de samba-bossa, Jo\u00e3o Roberto Kelly e seu conjunto vocal feminino. Lp lan\u00e7ado pelo selo Musicolor, em 1962. J\u00e1 estampado na capa temos o repert\u00f3rio, recheado de sambas com uma pegada &hellip; <a href=\"https:\/\/www.toque-musicall.com\/?p=11368\">Continue lendo <span class=\"meta-nav\">&rarr;<\/span><\/a><\/p>\n","protected":false},"author":1,"featured_media":0,"comment_status":"closed","ping_status":"closed","sticky":false,"template":"","format":"standard","meta":{"footnotes":""},"categories":[1],"tags":[4460,3723],"class_list":["post-11368","post","type-post","status-publish","format-standard","hentry","category-sem-categoria","tag-joao-roberto-kelly","tag-selo-musicolor"],"_links":{"self":[{"href":"https:\/\/www.toque-musicall.com\/index.php?rest_route=\/wp\/v2\/posts\/11368","targetHints":{"allow":["GET"]}}],"collection":[{"href":"https:\/\/www.toque-musicall.com\/index.php?rest_route=\/wp\/v2\/posts"}],"about":[{"href":"https:\/\/www.toque-musicall.com\/index.php?rest_route=\/wp\/v2\/types\/post"}],"author":[{"embeddable":true,"href":"https:\/\/www.toque-musicall.com\/index.php?rest_route=\/wp\/v2\/users\/1"}],"replies":[{"embeddable":true,"href":"https:\/\/www.toque-musicall.com\/index.php?rest_route=%2Fwp%2Fv2%2Fcomments&post=11368"}],"version-history":[{"count":1,"href":"https:\/\/www.toque-musicall.com\/index.php?rest_route=\/wp\/v2\/posts\/11368\/revisions"}],"predecessor-version":[{"id":11369,"href":"https:\/\/www.toque-musicall.com\/index.php?rest_route=\/wp\/v2\/posts\/11368\/revisions\/11369"}],"wp:attachment":[{"href":"https:\/\/www.toque-musicall.com\/index.php?rest_route=%2Fwp%2Fv2%2Fmedia&parent=11368"}],"wp:term":[{"taxonomy":"category","embeddable":true,"href":"https:\/\/www.toque-musicall.com\/index.php?rest_route=%2Fwp%2Fv2%2Fcategories&post=11368"},{"taxonomy":"post_tag","embeddable":true,"href":"https:\/\/www.toque-musicall.com\/index.php?rest_route=%2Fwp%2Fv2%2Ftags&post=11368"}],"curies":[{"name":"wp","href":"https:\/\/api.w.org\/{rel}","templated":true}]}}