{"id":11374,"date":"2025-08-25T20:27:40","date_gmt":"2025-08-25T23:27:40","guid":{"rendered":"https:\/\/www.toque-musicall.com\/?p=11374"},"modified":"2025-08-30T20:29:40","modified_gmt":"2025-08-30T23:29:40","slug":"neco-samba-e-violao-vol-2-1968","status":"publish","type":"post","link":"https:\/\/www.toque-musicall.com\/?p=11374","title":{"rendered":"Neco &#8211; Samba E Viol\u00e3o Vol. 2 (1968)"},"content":{"rendered":"\n<figure class=\"wp-block-image size-large\"><img decoding=\"async\" src=\"https:\/\/blogger.googleusercontent.com\/img\/b\/R29vZ2xl\/AVvXsEiFeCWDR8VumG-zz-cp5w-9iGZ7kbebv_dbX4KmA_tyCrL1UKXW0REcXlE4UhtucygIGNyOn6hMK0mkjMuC0xEqG2VZpBqqK3sGS_0T1jFmIh3DLGFzSWjjliPMDH2Ra286PkPM3N4yN4eAA3HYJQY2M43M0cgdnIbxAsW4uCL7JYGkHCwlRJbIzgYmVLeZ\/w640-h630\/Capturar.JPG\" alt=\"\"\/><\/figure>\n\n\n\n<figure class=\"wp-block-image size-large\"><img decoding=\"async\" src=\"https:\/\/blogger.googleusercontent.com\/img\/b\/R29vZ2xl\/AVvXsEjEKrJaXitdolD_nSHJM5oY61-H4TtuYzoGMU6ezwBIezvq6LcyJBc_nm7iB0d6XkY2NRZbbcN0RKG3Ps0L0Uo5HMP4ZSfOydRghcA-rby3yv-VwTUGktITpi0gQwIIqGne3RbjjNOnR1lXtHe5BXK2aDjzlfyKAmlb1XPMZt-alGZjF_IGUvTp2KdnssYg\/w640-h628\/Capturarb.JPG\" alt=\"\"\/><\/figure>\n\n\n<div class=\"separator\">Ent\u00e3o, temos mais uma vez a presen\u00e7a de Daudeth Azevedo, violonista carioca, mais conhecido por Neco. Postamos aqui, h\u00e1 coisa de um m\u00eas atr\u00e1s, o &#8220;Samba e Viol\u00e3o&#8221;, o que seria o volume 1. Agora, partimos para o volume 2, que pode-se dizer, \u00e9 uma continua\u00e7\u00e3o de um excelente trabalho. Mais uma vez Neco nos traz uma sele\u00e7\u00e3o de sambas, ent\u00e3o, modernos, sambas de festivais, hoje verdadeiros cl\u00e1ssicos da nossa MPB. Tamb\u00e9m, como no primeiro volume, Neco vem acompanhado de um conjunto na medida. Infelizmente, por mais que pesquis\u00e1ssemos, n\u00e3o encontramos nenhuma refer\u00eancia de quem s\u00e3o os m\u00fasicos. Segue o baile&#8230; Segue em frente. Disc\u00e3o bancana, que vale a pena ouvir.<\/div>\n<div class=\"separator\">\u00a0<\/div>\n<div class=\"separator\">andan\u00e7a<\/div>\n<div class=\"separator\">\u00e9 preciso cantar<\/div>\n<div class=\"separator\">sabi\u00e1<\/div>\n<div class=\"separator\">voc\u00ea passa eu acho gra\u00e7a<\/div>\n<div class=\"separator\">despedida da mangueira<\/div>\n<div class=\"separator\">can\u00e7\u00e3o do amanhecer<\/div>\n<div class=\"separator\">o cantador<\/div>\n<div class=\"separator\">sonho de lugar<\/div>\n<div class=\"separator\">helena helena helena<\/div>\n<div class=\"separator\">implorar<\/div>\n<div class=\"separator\">retrato em branco e preto<\/div>\n<div class=\"separator\">chorinho a<\/div>\n<div class=\"separator\">\u00a0<\/div>\n<div class=\"separator\">\u00a0<\/div>\n<div class=\"separator\">.<\/div>\n<div class=\"separator\">\u00a0<\/div>","protected":false},"excerpt":{"rendered":"<p>Ent\u00e3o, temos mais uma vez a presen\u00e7a de Daudeth Azevedo, violonista carioca, mais conhecido por Neco. Postamos aqui, h\u00e1 coisa de um m\u00eas atr\u00e1s, o &#8220;Samba e Viol\u00e3o&#8221;, o que seria o volume 1. Agora, partimos para o volume 2, &hellip; <a href=\"https:\/\/www.toque-musicall.com\/?p=11374\">Continue lendo <span class=\"meta-nav\">&rarr;<\/span><\/a><\/p>\n","protected":false},"author":1,"featured_media":0,"comment_status":"closed","ping_status":"closed","sticky":false,"template":"","format":"standard","meta":{"footnotes":""},"categories":[1],"tags":[4145,3052],"class_list":["post-11374","post","type-post","status-publish","format-standard","hentry","category-sem-categoria","tag-neco","tag-selo-london"],"_links":{"self":[{"href":"https:\/\/www.toque-musicall.com\/index.php?rest_route=\/wp\/v2\/posts\/11374","targetHints":{"allow":["GET"]}}],"collection":[{"href":"https:\/\/www.toque-musicall.com\/index.php?rest_route=\/wp\/v2\/posts"}],"about":[{"href":"https:\/\/www.toque-musicall.com\/index.php?rest_route=\/wp\/v2\/types\/post"}],"author":[{"embeddable":true,"href":"https:\/\/www.toque-musicall.com\/index.php?rest_route=\/wp\/v2\/users\/1"}],"replies":[{"embeddable":true,"href":"https:\/\/www.toque-musicall.com\/index.php?rest_route=%2Fwp%2Fv2%2Fcomments&post=11374"}],"version-history":[{"count":1,"href":"https:\/\/www.toque-musicall.com\/index.php?rest_route=\/wp\/v2\/posts\/11374\/revisions"}],"predecessor-version":[{"id":11375,"href":"https:\/\/www.toque-musicall.com\/index.php?rest_route=\/wp\/v2\/posts\/11374\/revisions\/11375"}],"wp:attachment":[{"href":"https:\/\/www.toque-musicall.com\/index.php?rest_route=%2Fwp%2Fv2%2Fmedia&parent=11374"}],"wp:term":[{"taxonomy":"category","embeddable":true,"href":"https:\/\/www.toque-musicall.com\/index.php?rest_route=%2Fwp%2Fv2%2Fcategories&post=11374"},{"taxonomy":"post_tag","embeddable":true,"href":"https:\/\/www.toque-musicall.com\/index.php?rest_route=%2Fwp%2Fv2%2Ftags&post=11374"}],"curies":[{"name":"wp","href":"https:\/\/api.w.org\/{rel}","templated":true}]}}