{"id":11376,"date":"2025-08-26T20:29:56","date_gmt":"2025-08-26T23:29:56","guid":{"rendered":"https:\/\/www.toque-musicall.com\/?p=11376"},"modified":"2025-08-30T20:32:33","modified_gmt":"2025-08-30T23:32:33","slug":"nelsinho-e-seu-trombone-bossa-do-samba-1960","status":"publish","type":"post","link":"https:\/\/www.toque-musicall.com\/?p=11376","title":{"rendered":"Nelsinho E Seu Trombone &#8211; Bossa Do Samba (1960)"},"content":{"rendered":"\n<figure class=\"wp-block-image size-large\"><img decoding=\"async\" src=\"https:\/\/blogger.googleusercontent.com\/img\/b\/R29vZ2xl\/AVvXsEjO4bLQU18aec_abk_ZKx-s1CJhOPoYLe52DCxUb2si4256Z1Cp9yceahMbCplhYgCZR9t2cPQJ0oIi3XTCkOlQoctYKXhHWLOYXbWYJcFLyhnslpgF-F3VGNIQ0zppx9AZBzuQOzuUyg1L5L3TrI-lRfAllNaiy3w2uzk-ynbJjnP6Jx7GEquU4uQtKxl7\/w640-h626\/capap.jpg\" alt=\"\"\/><\/figure>\n\n\n\n<figure class=\"wp-block-image size-large\"><img decoding=\"async\" src=\"https:\/\/blogger.googleusercontent.com\/img\/b\/R29vZ2xl\/AVvXsEiutCrIbO7eSoSr0tKEcDiZRvPlJUXJ-hpuW7k1zrjlNJFABXBjS-DG69NXXkrRwB0yKMvzpMZ6ucwUshUB0l9w4LF8Z_vWNAqBI2RP8fP7XaimJMKbEHdqpJqdRz5JAyo0UnR7Og3GiPv8JymBrc_ljqpIZgnBgeD0eev_UHp_KdI3i8tQqcGKyUMWe-Ci\/w640-h636\/capapp.JPG\" alt=\"\"\/><\/figure>\n\n\n<div class=\"separator\">Aqui, novamente, Nelsinho e seu trombone. E n\u00e3o faz um m\u00eas quando ent\u00e3o postamos no Toque Musical o seu primeiro lp pela RCA Victor. Agora temos outro, &#8220;Bossa do Samba&#8221;, lan\u00e7ado no mesmo ano de 1960, uma continua\u00e7\u00e3o, respondendo a sucesso do primeiro \u00e1lbum. Repert\u00f3rio selecionad\u00edssimo, n\u00e3o tem como desagradar&#8230;<\/div>\n<div class=\"separator\">\u00a0<\/div>\n<div class=\"separator\">telecoteco n\u00ba2<\/div>\n<div class=\"separator\">minha palho\u00e7a<\/div>\n<div class=\"separator\">e da\u00ed<\/div>\n<div class=\"separator\">arrasta sand\u00e1lia<\/div>\n<div class=\"separator\">cansei<\/div>\n<div class=\"separator\">maria boa<\/div>\n<div class=\"separator\">o nosso amor<\/div>\n<div class=\"separator\">est\u00e3o batendo<\/div>\n<div class=\"separator\">\u00e9 bom parar<\/div>\n<div class=\"separator\">recado<\/div>\n<div class=\"separator\">da cor do pecado<\/div>\n<div class=\"separator\">um chorinho na gafieira<\/div>\n<div class=\"separator\">\u00a0<\/div>\n<div class=\"separator\">\u00a0<\/div>\n<div class=\"separator\">.<\/div>\n<div class=\"separator\">\u00a0<\/div>\n<div class=\"separator\">\u00a0<\/div>","protected":false},"excerpt":{"rendered":"<p>Aqui, novamente, Nelsinho e seu trombone. E n\u00e3o faz um m\u00eas quando ent\u00e3o postamos no Toque Musical o seu primeiro lp pela RCA Victor. Agora temos outro, &#8220;Bossa do Samba&#8221;, lan\u00e7ado no mesmo ano de 1960, uma continua\u00e7\u00e3o, respondendo a &hellip; <a href=\"https:\/\/www.toque-musicall.com\/?p=11376\">Continue lendo <span class=\"meta-nav\">&rarr;<\/span><\/a><\/p>\n","protected":false},"author":1,"featured_media":0,"comment_status":"closed","ping_status":"closed","sticky":false,"template":"","format":"standard","meta":{"footnotes":""},"categories":[1],"tags":[5042,6048,3061],"class_list":["post-11376","post","type-post","status-publish","format-standard","hentry","category-sem-categoria","tag-nelsinho","tag-nelsinho-do-trombone","tag-selo-rca-victor"],"_links":{"self":[{"href":"https:\/\/www.toque-musicall.com\/index.php?rest_route=\/wp\/v2\/posts\/11376","targetHints":{"allow":["GET"]}}],"collection":[{"href":"https:\/\/www.toque-musicall.com\/index.php?rest_route=\/wp\/v2\/posts"}],"about":[{"href":"https:\/\/www.toque-musicall.com\/index.php?rest_route=\/wp\/v2\/types\/post"}],"author":[{"embeddable":true,"href":"https:\/\/www.toque-musicall.com\/index.php?rest_route=\/wp\/v2\/users\/1"}],"replies":[{"embeddable":true,"href":"https:\/\/www.toque-musicall.com\/index.php?rest_route=%2Fwp%2Fv2%2Fcomments&post=11376"}],"version-history":[{"count":2,"href":"https:\/\/www.toque-musicall.com\/index.php?rest_route=\/wp\/v2\/posts\/11376\/revisions"}],"predecessor-version":[{"id":11378,"href":"https:\/\/www.toque-musicall.com\/index.php?rest_route=\/wp\/v2\/posts\/11376\/revisions\/11378"}],"wp:attachment":[{"href":"https:\/\/www.toque-musicall.com\/index.php?rest_route=%2Fwp%2Fv2%2Fmedia&parent=11376"}],"wp:term":[{"taxonomy":"category","embeddable":true,"href":"https:\/\/www.toque-musicall.com\/index.php?rest_route=%2Fwp%2Fv2%2Fcategories&post=11376"},{"taxonomy":"post_tag","embeddable":true,"href":"https:\/\/www.toque-musicall.com\/index.php?rest_route=%2Fwp%2Fv2%2Ftags&post=11376"}],"curies":[{"name":"wp","href":"https:\/\/api.w.org\/{rel}","templated":true}]}}