{"id":11379,"date":"2025-08-27T22:07:15","date_gmt":"2025-08-28T01:07:15","guid":{"rendered":"https:\/\/www.toque-musicall.com\/?p=11379"},"modified":"2025-08-30T22:12:12","modified_gmt":"2025-08-31T01:12:12","slug":"salinas-y-su-conjunto-atardecer-carioca-1957","status":"publish","type":"post","link":"https:\/\/www.toque-musicall.com\/?p=11379","title":{"rendered":"Salinas Y Su Conjunto &#8211; Atardecer Carioca (1957)"},"content":{"rendered":"\n<figure class=\"wp-block-image size-large\"><img decoding=\"async\" src=\"https:\/\/blogger.googleusercontent.com\/img\/b\/R29vZ2xl\/AVvXsEj5q3pXAgVWf8fuAm7QTh13tSGIQjcp__3t4-Ptk6TGtEAdWdKifax_qALAU6VWRMhBijcMouQnsFeBB-SnN1Udzd93WlZ7IeJaBHEeiyRajfenCxF2ze2kgABXQkQBvJ3vBlYtcvlDkl1pFubBEQW9DWvkkNCOrNkVRwv0iz5IgwcSE5PflUyba0o2ZBcX\/w636-h640\/capa.jpg\" alt=\"\"\/><\/figure>\n\n\n\n<figure class=\"wp-block-image size-large\"><img decoding=\"async\" src=\"https:\/\/blogger.googleusercontent.com\/img\/b\/R29vZ2xl\/AVvXsEjP_wdyA1JW3XkUCaQ4U1Dmg2aKHw53EQMWD-fJoVUDTwfDV86ejeFgPH7d7xsDZas_FQz-48NRVcBDW3dedp9rZ8TQv0mP18xh9DG9mrPeOz2uU2dCBahR-TniLM8z5O1gDEfV_wGQwDTY_2whnrf3z7zt00l3NJpxhI-wStDi2rm49NYjG7iE3C6qMIGn\/w628-h640\/contracapa.jpg\" alt=\"\"\/><\/figure>\n\n\n<div class=\"separator\">E para hoje, vamos com este disco, &#8220;Atardeder Carioca&#8221;.\u00a0 De imediato se percebe que se trata de um lan\u00e7amento internacional, visto pela capa e principalmente pelo t\u00edtulo. Trata-se de um lan\u00e7amento do selo Columbia argentino trazendo (Daniel) Salinas e o seu conjunto, no qual tamb\u00e9m temos a cantora Leny Caldeira, interpretando um repert\u00f3rio com 16 cl\u00e1ssicos da m\u00fasica popular brasileira.\u00a0<\/div>\n<div class=\"separator\">Interessante tamb\u00e9m notar a contracapa do disco que traz outros lan\u00e7amentos da gravadora de artistas brasileiros. Uma prova que a m\u00fasica brasileira encanta nossos &#8216;hermanos&#8217; n\u00e3o \u00e9 de hoje. Confiram&#8230;<\/div>\n<div class=\"separator\">\u00a0<\/div>\n<div class=\"separator\">delicado<\/div>\n<div class=\"separator\">un paseo por el norte<\/div>\n<div class=\"separator\">a los pes de la cruz<\/div>\n<div class=\"separator\">esta noche serenata<\/div>\n<div class=\"separator\">alguien como tu<\/div>\n<div class=\"separator\">tico tico no fub\u00e1<\/div>\n<div class=\"separator\">copacabana<\/div>\n<div class=\"separator\">cabeza hinchada<\/div>\n<div class=\"separator\">maria la dulcera<\/div>\n<div class=\"separator\">para que recordar<\/div>\n<div class=\"separator\">ala blanca<\/div>\n<div class=\"separator\">llueve afuera<\/div>\n<div class=\"separator\">favela<\/div>\n<div class=\"separator\">maracangalha<\/div>\n<div class=\"separator\">maria escandalosa<\/div>\n<div class=\"separator\">acuarela de brasil<\/div>\n<div class=\"separator\">\u00a0<\/div>\n<div class=\"separator\">\u00a0<\/div>\n<div class=\"separator\">.<\/div>\n<div class=\"separator\">\u00a0<\/div>","protected":false},"excerpt":{"rendered":"<p>E para hoje, vamos com este disco, &#8220;Atardeder Carioca&#8221;.\u00a0 De imediato se percebe que se trata de um lan\u00e7amento internacional, visto pela capa e principalmente pelo t\u00edtulo. Trata-se de um lan\u00e7amento do selo Columbia argentino trazendo (Daniel) Salinas e o &hellip; <a href=\"https:\/\/www.toque-musicall.com\/?p=11379\">Continue lendo <span class=\"meta-nav\">&rarr;<\/span><\/a><\/p>\n","protected":false},"author":1,"featured_media":0,"comment_status":"closed","ping_status":"closed","sticky":false,"template":"","format":"standard","meta":{"footnotes":""},"categories":[1],"tags":[3266,6049,4802,3238],"class_list":["post-11379","post","type-post","status-publish","format-standard","hentry","category-sem-categoria","tag-internacional","tag-leny-caldeira","tag-salinas","tag-selo-columbia"],"_links":{"self":[{"href":"https:\/\/www.toque-musicall.com\/index.php?rest_route=\/wp\/v2\/posts\/11379","targetHints":{"allow":["GET"]}}],"collection":[{"href":"https:\/\/www.toque-musicall.com\/index.php?rest_route=\/wp\/v2\/posts"}],"about":[{"href":"https:\/\/www.toque-musicall.com\/index.php?rest_route=\/wp\/v2\/types\/post"}],"author":[{"embeddable":true,"href":"https:\/\/www.toque-musicall.com\/index.php?rest_route=\/wp\/v2\/users\/1"}],"replies":[{"embeddable":true,"href":"https:\/\/www.toque-musicall.com\/index.php?rest_route=%2Fwp%2Fv2%2Fcomments&post=11379"}],"version-history":[{"count":1,"href":"https:\/\/www.toque-musicall.com\/index.php?rest_route=\/wp\/v2\/posts\/11379\/revisions"}],"predecessor-version":[{"id":11380,"href":"https:\/\/www.toque-musicall.com\/index.php?rest_route=\/wp\/v2\/posts\/11379\/revisions\/11380"}],"wp:attachment":[{"href":"https:\/\/www.toque-musicall.com\/index.php?rest_route=%2Fwp%2Fv2%2Fmedia&parent=11379"}],"wp:term":[{"taxonomy":"category","embeddable":true,"href":"https:\/\/www.toque-musicall.com\/index.php?rest_route=%2Fwp%2Fv2%2Fcategories&post=11379"},{"taxonomy":"post_tag","embeddable":true,"href":"https:\/\/www.toque-musicall.com\/index.php?rest_route=%2Fwp%2Fv2%2Ftags&post=11379"}],"curies":[{"name":"wp","href":"https:\/\/api.w.org\/{rel}","templated":true}]}}