{"id":1138,"date":"2009-07-16T11:26:00","date_gmt":"2009-07-16T11:26:00","guid":{"rendered":"http:\/\/www.toque-musicall.com\/?p=1138"},"modified":"2009-07-16T11:26:00","modified_gmt":"2009-07-16T11:26:00","slug":"mario-lago-retrato-1978","status":"publish","type":"post","link":"https:\/\/www.toque-musicall.com\/?p=1138","title":{"rendered":"M\u00e1rio Lago &#8211; Retrato (1978)"},"content":{"rendered":"<p><a href=\"http:\/\/2.bp.blogspot.com\/_DSKVEvHtskc\/Sl8d2Nu01qI\/AAAAAAAAFHg\/w2BWvIz6xKg\/s1600-h\/Mario+Lago+P.JPG\"><img decoding=\"async\" style=\"TEXT-ALIGN: center; MARGIN: 0px auto 10px; WIDTH: 398px; DISPLAY: block; HEIGHT: 400px; CURSOR: hand\" id=\"BLOGGER_PHOTO_ID_5359034898830382754\" border=\"0\" alt=\"\" src=\"http:\/\/2.bp.blogspot.com\/_DSKVEvHtskc\/Sl8d2Nu01qI\/AAAAAAAAFHg\/w2BWvIz6xKg\/s400\/Mario+Lago+P.JPG\" \/><\/a>Prezados, estou refazendo, excepcionalmente, uma de nossas \u00faltimas postagens que para meu espanto parece ter sido v\u00edtima de alguma a\u00e7\u00e3o misteriosa. Primeiro foi o link que ficou inativo, depois a postagem sumiu. Muito estranho&#8230; isso nunca havia acontecido antes. Se n\u00e3o fosse eu, num \u00faltimo instante, dar uma checada nos e-mails do Toque Musical, esta postagem ficaria para agosto. Mas devido a estranheza do fato, eu n\u00e3o poderia deixar pass\u00e1-lo em branco. Fiquei com uma sensa\u00e7\u00e3o de fragilidade e com uma d\u00favida na cabe\u00e7a: quem, al\u00e9m de mim, teria acesso \u00e0 minha conta no Rapidshare e no blog? Mist\u00e9rios que eu pretendo descobrir&#8230; mas s\u00f3 daqui a 15 dias \ud83d\ude42 <\/p>\n<div>Retomando&#8230; Eis aqui o M\u00e1rio Lago, um artista merecedor de todo o nosso respeito e da nossa sauda\u00e7\u00e3o. Poeta, compositor, ator, radialista, advogado e comunista! (ser\u00e1 que foi por eu ter mencionado esse \u00faltimo \u00edtem que tiraram minha postagem? hehehe&#8230;) Mas o M\u00e1rio Lago foi muito mais que isso, um homem de sensibilidade, de muitos amigos e excelentes parceiros musicais. <\/div>\n<div>Neste disco, que foi o primeiro gravado por ele, temos o artista interpretando alguns de seus cl\u00e1ssicos, como &#8220;Nada al\u00e9m&#8221;, parceria com Cust\u00f3dio Mesquita; &#8220;Ai que saudades da Am\u00e9lia&#8221; e &#8220;Atire a primeira pedra&#8221;, com Ataulfo Alves. H\u00e1 tamb\u00e9m poesias e composi\u00e7\u00f5es menos conhecidas e in\u00e9ditas como a faixa &#8220;Deixa em paz&#8221;, uma parceria com Bide (Alceb\u00edades Barcelos), composta no final dos anos 30. Confiram a\u00ed, antes que os censores tentem tir\u00e1-lo de novo \ud83d\ude09 <\/p>\n<div><\/div>\n<div style=\"TEXT-ALIGN: center\">ai que saudades da am\u00e9lia<\/div>\n<div style=\"TEXT-ALIGN: center\">atire a primeira pedra<\/div>\n<div style=\"TEXT-ALIGN: center\">gilda<\/div>\n<div style=\"TEXT-ALIGN: center\">leva meu cora\u00e7\u00e3o<\/div>\n<div style=\"TEXT-ALIGN: center\">n\u00e3o quero ser marisco<\/div>\n<div style=\"TEXT-ALIGN: center\">quem chegou j\u00e1 t\u00e1<\/div>\n<div style=\"TEXT-ALIGN: center\">nada al\u00e9m<\/div>\n<div style=\"TEXT-ALIGN: center\">d\u00e1-me tuas m\u00e3os<\/div>\n<div style=\"TEXT-ALIGN: center\">devolve<\/div>\n<div style=\"TEXT-ALIGN: center\">deixa em paz<\/div>\n<div style=\"TEXT-ALIGN: center\">n\u00e3o precisas bater<\/div>\n<div style=\"TEXT-ALIGN: center\">\u00e9 t\u00e3o gostoso seu mo\u00e7o<\/div>\n<div style=\"TEXT-ALIGN: center\">faz de conta<\/div>\n<div style=\"TEXT-ALIGN: center\">rosinha bonita<\/div>\n<div style=\"TEXT-ALIGN: center\">cantiguinha tristez\u00edssima<\/div>\n<div style=\"TEXT-ALIGN: center\">no meio do mundo<\/div>\n<div style=\"TEXT-ALIGN: center\">poema: can\u00e7\u00e3o do n\u00e3o &#8211; tempo de lua<\/div>\n<div style=\"TEXT-ALIGN: center\"><\/div>\n<div style=\"TEXT-ALIGN: center\"><\/div>\n<\/div>\n","protected":false},"excerpt":{"rendered":"<p>Prezados, estou refazendo, excepcionalmente, uma de nossas \u00faltimas postagens que para meu espanto parece ter sido v\u00edtima de alguma a\u00e7\u00e3o misteriosa. Primeiro foi o link que ficou inativo, depois a postagem sumiu. Muito estranho&#8230; isso nunca havia acontecido antes. Se &hellip; <a href=\"https:\/\/www.toque-musicall.com\/?p=1138\">Continue lendo <span class=\"meta-nav\">&rarr;<\/span><\/a><\/p>\n","protected":false},"author":1,"featured_media":0,"comment_status":"open","ping_status":"closed","sticky":false,"template":"","format":"standard","meta":{"footnotes":""},"categories":[1412],"tags":[],"class_list":["post-1138","post","type-post","status-publish","format-standard","hentry","category-mario-lago"],"_links":{"self":[{"href":"https:\/\/www.toque-musicall.com\/index.php?rest_route=\/wp\/v2\/posts\/1138","targetHints":{"allow":["GET"]}}],"collection":[{"href":"https:\/\/www.toque-musicall.com\/index.php?rest_route=\/wp\/v2\/posts"}],"about":[{"href":"https:\/\/www.toque-musicall.com\/index.php?rest_route=\/wp\/v2\/types\/post"}],"author":[{"embeddable":true,"href":"https:\/\/www.toque-musicall.com\/index.php?rest_route=\/wp\/v2\/users\/1"}],"replies":[{"embeddable":true,"href":"https:\/\/www.toque-musicall.com\/index.php?rest_route=%2Fwp%2Fv2%2Fcomments&post=1138"}],"version-history":[{"count":0,"href":"https:\/\/www.toque-musicall.com\/index.php?rest_route=\/wp\/v2\/posts\/1138\/revisions"}],"wp:attachment":[{"href":"https:\/\/www.toque-musicall.com\/index.php?rest_route=%2Fwp%2Fv2%2Fmedia&parent=1138"}],"wp:term":[{"taxonomy":"category","embeddable":true,"href":"https:\/\/www.toque-musicall.com\/index.php?rest_route=%2Fwp%2Fv2%2Fcategories&post=1138"},{"taxonomy":"post_tag","embeddable":true,"href":"https:\/\/www.toque-musicall.com\/index.php?rest_route=%2Fwp%2Fv2%2Ftags&post=1138"}],"curies":[{"name":"wp","href":"https:\/\/api.w.org\/{rel}","templated":true}]}}