{"id":11385,"date":"2025-08-30T21:00:05","date_gmt":"2025-08-31T00:00:05","guid":{"rendered":"https:\/\/www.toque-musicall.com\/?p=11385"},"modified":"2025-09-03T21:02:16","modified_gmt":"2025-09-04T00:02:16","slug":"quarteto-bossamba-1966","status":"publish","type":"post","link":"https:\/\/www.toque-musicall.com\/?p=11385","title":{"rendered":"Quarteto Bossamba (1966)"},"content":{"rendered":"\n<figure class=\"wp-block-image size-large\"><img decoding=\"async\" src=\"https:\/\/blogger.googleusercontent.com\/img\/b\/R29vZ2xl\/AVvXsEhT85yo9GHeYnYGfYbt8y8wN80uWv3P6yEqRwi3CoLzNsNNCQvUzXwUEHb1YYBvGK2Zj3ToxnHXjtG5srJCKjdFLHY3ioz18ZKC0jy5uEjVVPyaCYamGTJUEd61hlTiy4LmWyZgQV8VG2Ic2koWAaLNB6XIztmVwFxW7Jm7NTouWPF4WngmHiO960aOQmdS\/w640-h640\/capa.jpg\" alt=\"\"\/><\/figure>\n\n\n\n<figure class=\"wp-block-image size-large\"><img decoding=\"async\" src=\"https:\/\/blogger.googleusercontent.com\/img\/b\/R29vZ2xl\/AVvXsEgYNxotNYSv81sWC0gONzrN1iGgyXz5sf56BDpnCELvOz-rkg6tEn-AgtsEdLXaErS19iSLJf4Omlu7MDSVM4udPb_AyezNyAFDK9R05XTdqOqPGD0GSAPlXdxPUyvRKXzAB2mi-rxqVpc4Q7aBMBJYDnANoz6Qp6uUPZbIlKh-WYP4xF6wDdfQOv2qwNbq\/w640-h632\/contracapa.jpg\" alt=\"\"\/><\/figure>\n\n\n<div class=\"separator\">Pelo jeito, vamos entrando numa sequ\u00eancia de quartetos. Paramos nos arquivos do Q e estamos gostando&#8230; \ud83d\ude42 Desta vez, temos o Quarteto Bossamba, disco lan\u00e7ado pelo selo Som\/Maior, em 1966. Um disco de bossa instrumental e da melhor qualidade, com um repert\u00f3rio fino e uma interpreta\u00e7\u00e3o magistral. Contudo, no texto da contracapa, nos \u00e9 informado que o nome dos m\u00fasicos n\u00e3o poderia aparecer devido a serem eles m\u00fasicos de outras gravadoras. Optaram estrat\u00e9gicamente por dizerem isso, ao inv\u00e9s de simplesmente criarem pseud\u00f4nimos. Mas, basta ouvirmos a primeira faixa para termos certeza de que ali tem os dedos de Walter Wanderley e certamente, os demais m\u00fasicos eram os mesmo que faziam parte de seu conjunto na \u00e9poca, Jos\u00e9 Marino, Claudio Slon e um outro no sopro (n\u00e3o identificado). No ano seguinte este disco seria tamb\u00e9m lan\u00e7ado, atrav\u00e9s da Fermata, nos &#8216;States&#8217; e no Canad\u00e1, pelo selo World Pacific. Diga-se de passagem, com uma capa um pouco brega. Brega, considerando a compara\u00e7\u00e3o com o trabalho gr\u00e1fico da original.<\/div>\n<div class=\"separator\">\u00a0<\/div>\n<div class=\"separator\">nana<\/div>\n<div class=\"separator\">canto de ossanha<\/div>\n<div class=\"separator\">chuva<\/div>\n<div class=\"separator\">gente<\/div>\n<div class=\"separator\">da-me<\/div>\n<div class=\"separator\">chegan\u00e7a<\/div>\n<div class=\"separator\">maria moita<\/div>\n<div class=\"separator\">amanh\u00e3<\/div>\n<div class=\"separator\">tempinho bom<\/div>\n<div class=\"separator\">s\u00f3 saudade<\/div>\n<div class=\"separator\">verdade em paz<\/div>\n<div class=\"separator\">vivo sonhando<\/div>\n<div class=\"separator\">\u00a0<\/div>\n<div class=\"separator\">\u00a0<\/div>\n<div class=\"separator\">.<\/div>\n<div class=\"separator\">\u00a0<\/div>\n<div class=\"separator\">\u00a0<\/div>","protected":false},"excerpt":{"rendered":"<p>Pelo jeito, vamos entrando numa sequ\u00eancia de quartetos. Paramos nos arquivos do Q e estamos gostando&#8230; \ud83d\ude42 Desta vez, temos o Quarteto Bossamba, disco lan\u00e7ado pelo selo Som\/Maior, em 1966. Um disco de bossa instrumental e da melhor qualidade, com &hellip; <a href=\"https:\/\/www.toque-musicall.com\/?p=11385\">Continue lendo <span class=\"meta-nav\">&rarr;<\/span><\/a><\/p>\n","protected":false},"author":1,"featured_media":0,"comment_status":"closed","ping_status":"closed","sticky":false,"template":"","format":"standard","meta":{"footnotes":""},"categories":[1],"tags":[6051,3178,4080],"class_list":["post-11385","post","type-post","status-publish","format-standard","hentry","category-sem-categoria","tag-quarteto-bossamba","tag-selo-som-maior","tag-walter-wandeley"],"_links":{"self":[{"href":"https:\/\/www.toque-musicall.com\/index.php?rest_route=\/wp\/v2\/posts\/11385","targetHints":{"allow":["GET"]}}],"collection":[{"href":"https:\/\/www.toque-musicall.com\/index.php?rest_route=\/wp\/v2\/posts"}],"about":[{"href":"https:\/\/www.toque-musicall.com\/index.php?rest_route=\/wp\/v2\/types\/post"}],"author":[{"embeddable":true,"href":"https:\/\/www.toque-musicall.com\/index.php?rest_route=\/wp\/v2\/users\/1"}],"replies":[{"embeddable":true,"href":"https:\/\/www.toque-musicall.com\/index.php?rest_route=%2Fwp%2Fv2%2Fcomments&post=11385"}],"version-history":[{"count":1,"href":"https:\/\/www.toque-musicall.com\/index.php?rest_route=\/wp\/v2\/posts\/11385\/revisions"}],"predecessor-version":[{"id":11386,"href":"https:\/\/www.toque-musicall.com\/index.php?rest_route=\/wp\/v2\/posts\/11385\/revisions\/11386"}],"wp:attachment":[{"href":"https:\/\/www.toque-musicall.com\/index.php?rest_route=%2Fwp%2Fv2%2Fmedia&parent=11385"}],"wp:term":[{"taxonomy":"category","embeddable":true,"href":"https:\/\/www.toque-musicall.com\/index.php?rest_route=%2Fwp%2Fv2%2Fcategories&post=11385"},{"taxonomy":"post_tag","embeddable":true,"href":"https:\/\/www.toque-musicall.com\/index.php?rest_route=%2Fwp%2Fv2%2Ftags&post=11385"}],"curies":[{"name":"wp","href":"https:\/\/api.w.org\/{rel}","templated":true}]}}