{"id":11389,"date":"2025-09-01T22:48:18","date_gmt":"2025-09-02T01:48:18","guid":{"rendered":"https:\/\/www.toque-musicall.com\/?p=11389"},"modified":"2025-09-10T22:50:11","modified_gmt":"2025-09-11T01:50:11","slug":"quarteto-forma-1970","status":"publish","type":"post","link":"https:\/\/www.toque-musicall.com\/?p=11389","title":{"rendered":"Quarteto Forma (1970)"},"content":{"rendered":"\n<figure class=\"wp-block-image size-large\"><img decoding=\"async\" src=\"https:\/\/blogger.googleusercontent.com\/img\/b\/R29vZ2xl\/AVvXsEhtdDlnFjcrqdDlo8pr4NYrmQwUIj0PLAUR_F245MGKNmHDHwWPkaYQaktXkyReuTAG9tfrK8ZHYKISzk8DyevQ67cqKnHjlavnH7trcmuPU0Mli5-BkEfpGrolfhXONjaoF59OfvBfbXqEOUNuMGh1QXeA3dojn2ViOGlSbKs3I0Tk2xf_Ul5VVIa4Pn1H\/w640-h634\/capa.jpg\" alt=\"\"\/><\/figure>\n\n\n\n<figure class=\"wp-block-image size-large\"><img decoding=\"async\" src=\"https:\/\/blogger.googleusercontent.com\/img\/b\/R29vZ2xl\/AVvXsEi2IgkYnXfkjG-FPLPcqkRbl3kRaj_-7cM65_5vF1kG2GRNA0MAuLBqotgYgsczS-BhImL5m1tHWYjKOgdUPuBTcqoh5QVATdW7sKwiesTy1p1v8ClHfUaNLAF6AnAO61TElVqcC0bWRNhXG-gG7RY9AXLuCB2bSE6j3Vi8BrUJrIQHCzTYXP0q6V-bDnpf\/w640-h634\/contracapa.jpg\" alt=\"\"\/><\/figure>\n\n\n<div class=\"separator\">Seguimos aqui com mais um quarteto. Desta vez um quarteto vocal, o delicioso Quarteto Forma que acompanhava o pianista Osmar Milito em seu primeiro disco solo e tamb\u00e9m em trilhas de novelas da Rede Globo. O grupo lan\u00e7ou seu \u00fanico lp em 1970, pela Odeon. Formado por Ana Magalh\u00e3es, M\u00e1rcio Proen\u00e7a, Eduardo Lage e Fl\u00e1vio Faria. Em 1971 lan\u00e7aram tamb\u00e9m um compacto na mesma linha. Mas acabaram ficando por a\u00ed&#8230; Na era do cd o disco foi lan\u00e7ado novamente, desta vez incluindo como bonus as quatro m\u00fasicas do compacto duplo. Logo que recome\u00e7armos uma nova fase de publica\u00e7\u00e3o de compactos a gente posta ele aqui para voc\u00eas, ok?<\/div>\n<div class=\"separator\">\u00a0<\/div>\n<div class=\"separator\">forma<\/div>\n<div class=\"separator\">raindrops keep fallin&#8217; on my head<\/div>\n<div class=\"separator\">teletema<\/div>\n<div class=\"separator\">que pena<\/div>\n<div class=\"separator\">\u00e1gua clara<\/div>\n<div class=\"separator\">manh\u00e3 de carnaval<\/div>\n<div class=\"separator\">de onde vens<\/div>\n<div class=\"separator\">e n\u00f3s aonde vamos<\/div>\n<div class=\"separator\">rapaz de bem<\/div>\n<div class=\"separator\">moon river<\/div>\n<div class=\"separator\">mariana<\/div>\n<div class=\"separator\">all the things you are<\/div>\n<div class=\"separator\">\u00a0<\/div>\n<div class=\"separator\">\u00a0<\/div>","protected":false},"excerpt":{"rendered":"<p>Seguimos aqui com mais um quarteto. Desta vez um quarteto vocal, o delicioso Quarteto Forma que acompanhava o pianista Osmar Milito em seu primeiro disco solo e tamb\u00e9m em trilhas de novelas da Rede Globo. O grupo lan\u00e7ou seu \u00fanico &hellip; <a href=\"https:\/\/www.toque-musicall.com\/?p=11389\">Continue lendo <span class=\"meta-nav\">&rarr;<\/span><\/a><\/p>\n","protected":false},"author":1,"featured_media":0,"comment_status":"closed","ping_status":"closed","sticky":false,"template":"","format":"standard","meta":{"footnotes":""},"categories":[1],"tags":[6054,3153],"class_list":["post-11389","post","type-post","status-publish","format-standard","hentry","category-sem-categoria","tag-quarteto-forma","tag-selo-odeon"],"_links":{"self":[{"href":"https:\/\/www.toque-musicall.com\/index.php?rest_route=\/wp\/v2\/posts\/11389","targetHints":{"allow":["GET"]}}],"collection":[{"href":"https:\/\/www.toque-musicall.com\/index.php?rest_route=\/wp\/v2\/posts"}],"about":[{"href":"https:\/\/www.toque-musicall.com\/index.php?rest_route=\/wp\/v2\/types\/post"}],"author":[{"embeddable":true,"href":"https:\/\/www.toque-musicall.com\/index.php?rest_route=\/wp\/v2\/users\/1"}],"replies":[{"embeddable":true,"href":"https:\/\/www.toque-musicall.com\/index.php?rest_route=%2Fwp%2Fv2%2Fcomments&post=11389"}],"version-history":[{"count":1,"href":"https:\/\/www.toque-musicall.com\/index.php?rest_route=\/wp\/v2\/posts\/11389\/revisions"}],"predecessor-version":[{"id":11390,"href":"https:\/\/www.toque-musicall.com\/index.php?rest_route=\/wp\/v2\/posts\/11389\/revisions\/11390"}],"wp:attachment":[{"href":"https:\/\/www.toque-musicall.com\/index.php?rest_route=%2Fwp%2Fv2%2Fmedia&parent=11389"}],"wp:term":[{"taxonomy":"category","embeddable":true,"href":"https:\/\/www.toque-musicall.com\/index.php?rest_route=%2Fwp%2Fv2%2Fcategories&post=11389"},{"taxonomy":"post_tag","embeddable":true,"href":"https:\/\/www.toque-musicall.com\/index.php?rest_route=%2Fwp%2Fv2%2Ftags&post=11389"}],"curies":[{"name":"wp","href":"https:\/\/api.w.org\/{rel}","templated":true}]}}