{"id":11399,"date":"2025-09-05T22:24:48","date_gmt":"2025-09-06T01:24:48","guid":{"rendered":"https:\/\/www.toque-musicall.com\/?p=11399"},"modified":"2025-09-20T22:27:17","modified_gmt":"2025-09-21T01:27:17","slug":"claudia-regina-1967","status":"publish","type":"post","link":"https:\/\/www.toque-musicall.com\/?p=11399","title":{"rendered":"Claudia Regina (1967)"},"content":{"rendered":"\n<figure class=\"wp-block-image size-large\"><img decoding=\"async\" src=\"https:\/\/blogger.googleusercontent.com\/img\/b\/R29vZ2xl\/AVvXsEifqtOPve2DIfTA3KpADA-K7uJow7mAD2C4fzfKyPIYWRQa4lBEr7UBhdNqH6NkncJg1B8S3t_tE4eH8-UdNpMh0b6VwST6gJOAMmm6ezInPYU7VC01acp1ojlxfdm7Z3867VfnAw6y-YafAzfTPblHiNEVVB8H6q2Tie7JbJMsLeeI4zHD6Jnir0komhws\/w640-h622\/Capturar.JPG\" alt=\"\"\/><\/figure>\n\n\n\n<figure class=\"wp-block-image size-large\"><img decoding=\"async\" src=\"https:\/\/blogger.googleusercontent.com\/img\/b\/R29vZ2xl\/AVvXsEgkZrK__xAS4yLQ1xHGYUuY1zbuMz06sXH0Rry6bKN23l3bET202P0-4VZxg2gwpUU3Z1T1yWjiNuh8uaUJMukyz6M8-CW2rwMuxfU1taFmHcEBEC3x-D94q85hDBb67OPwtXcYr4eFqnPDrUHfstuONjRN04DMmjuZrhCIwd3xxy-PahDzyqUlzFSvG-1p\/w640-h620\/Capturarb.JPG\" alt=\"\"\/><\/figure>\n\n\n<div class=\"separator\">Vamos aqui com Claudia Regina, cantora e compositora que atuou em festivais nos anos 70. Consta como \u00fanica refer\u00eancia defendendo a m\u00fasica &#8220;Di\u00e1logo&#8221; de Baden Powell e Paulo Cesar Pinheiro, em 1972, ao lado do cantor Tobias, tendo essa can\u00e7\u00e3o lan\u00e7ada em uma colet\u00e2nea do VII Festival Internacional da Can\u00e7\u00e3o e tamb\u00e9m em um compacto espanhol, pela Philips. H\u00e1 no Youtube um v\u00eddeo onde ela, com Tobias e Baden se apresentam num festival cantando essa mesma can\u00e7\u00e3o.<\/div>\n<div class=\"separator\">Neste compacto simples da Mocambo em 1967, provavelmente seu primeiro disco, temos Claudia Regina interpretando duas can\u00e7\u00f5es&#8230;<\/div>\n<div class=\"separator\">\u00a0<\/div>\n<div class=\"separator\">o baleiro<\/div>\n<div class=\"separator\">protesto<\/div>","protected":false},"excerpt":{"rendered":"<p>Vamos aqui com Claudia Regina, cantora e compositora que atuou em festivais nos anos 70. Consta como \u00fanica refer\u00eancia defendendo a m\u00fasica &#8220;Di\u00e1logo&#8221; de Baden Powell e Paulo Cesar Pinheiro, em 1972, ao lado do cantor Tobias, tendo essa can\u00e7\u00e3o &hellip; <a href=\"https:\/\/www.toque-musicall.com\/?p=11399\">Continue lendo <span class=\"meta-nav\">&rarr;<\/span><\/a><\/p>\n","protected":false},"author":1,"featured_media":0,"comment_status":"closed","ping_status":"closed","sticky":false,"template":"","format":"standard","meta":{"footnotes":""},"categories":[1],"tags":[6057,3072,3076],"class_list":["post-11399","post","type-post","status-publish","format-standard","hentry","category-sem-categoria","tag-claudia-regina","tag-compactos","tag-selo-mocambo"],"_links":{"self":[{"href":"https:\/\/www.toque-musicall.com\/index.php?rest_route=\/wp\/v2\/posts\/11399","targetHints":{"allow":["GET"]}}],"collection":[{"href":"https:\/\/www.toque-musicall.com\/index.php?rest_route=\/wp\/v2\/posts"}],"about":[{"href":"https:\/\/www.toque-musicall.com\/index.php?rest_route=\/wp\/v2\/types\/post"}],"author":[{"embeddable":true,"href":"https:\/\/www.toque-musicall.com\/index.php?rest_route=\/wp\/v2\/users\/1"}],"replies":[{"embeddable":true,"href":"https:\/\/www.toque-musicall.com\/index.php?rest_route=%2Fwp%2Fv2%2Fcomments&post=11399"}],"version-history":[{"count":1,"href":"https:\/\/www.toque-musicall.com\/index.php?rest_route=\/wp\/v2\/posts\/11399\/revisions"}],"predecessor-version":[{"id":11400,"href":"https:\/\/www.toque-musicall.com\/index.php?rest_route=\/wp\/v2\/posts\/11399\/revisions\/11400"}],"wp:attachment":[{"href":"https:\/\/www.toque-musicall.com\/index.php?rest_route=%2Fwp%2Fv2%2Fmedia&parent=11399"}],"wp:term":[{"taxonomy":"category","embeddable":true,"href":"https:\/\/www.toque-musicall.com\/index.php?rest_route=%2Fwp%2Fv2%2Fcategories&post=11399"},{"taxonomy":"post_tag","embeddable":true,"href":"https:\/\/www.toque-musicall.com\/index.php?rest_route=%2Fwp%2Fv2%2Ftags&post=11399"}],"curies":[{"name":"wp","href":"https:\/\/api.w.org\/{rel}","templated":true}]}}