{"id":114,"date":"2012-03-21T10:07:00","date_gmt":"2012-03-21T10:07:00","guid":{"rendered":"http:\/\/www.toque-musicall.com\/?p=114"},"modified":"2012-03-21T10:07:00","modified_gmt":"2012-03-21T10:07:00","slug":"sexteto-prestige-musica-e-festa-no-5-1960","status":"publish","type":"post","link":"https:\/\/www.toque-musicall.com\/?p=114","title":{"rendered":"Sexteto Prestige &#8211; M\u00fasica E Festa N\u00ba 5 (1960)"},"content":{"rendered":"<p><a href=\"http:\/\/4.bp.blogspot.com\/-sa868ZLWG-E\/T2mopRHjBLI\/AAAAAAAABRc\/j9g8pOcYCqw\/s1600\/capa+P.JPG\"><img decoding=\"async\" style=\"display:block; margin:0px auto 10px; text-align:center;cursor:pointer; cursor:hand;width: 396px; height: 400px;\" src=\"http:\/\/4.bp.blogspot.com\/-sa868ZLWG-E\/T2mopRHjBLI\/AAAAAAAABRc\/j9g8pOcYCqw\/s400\/capa+P.JPG\" border=\"0\" alt=\"\" id=\"BLOGGER_PHOTO_ID_5722290228474086578\" \/><\/a><a href=\"http:\/\/4.bp.blogspot.com\/-3bvuVtw7cLI\/T2mokh1-zoI\/AAAAAAAABRQ\/b6XcaWtOO5M\/s1600\/contracapa+p.JPG\"><img decoding=\"async\" style=\"display:block; margin:0px auto 10px; text-align:center;cursor:pointer; cursor:hand;width: 396px; height: 400px;\" src=\"http:\/\/4.bp.blogspot.com\/-3bvuVtw7cLI\/T2mokh1-zoI\/AAAAAAAABRQ\/b6XcaWtOO5M\/s400\/contracapa+p.JPG\" border=\"0\" alt=\"\" id=\"BLOGGER_PHOTO_ID_5722290147064467074\" \/><\/a>Bom dia, amigos cultos, ocultos e associados! Depois de muitas solicita\u00e7\u00f5es, consegui mais um disco da s\u00e9rie &#8220;M\u00fasica e Festa&#8221;, do Sexteto Prestige. Este foi um dos que eu trouxe do Rio, havia at\u00e9 me esquecido dele. Pensei tamb\u00e9m que havia fechado a cole\u00e7\u00e3o, mas percebo que ainda falta o n\u00famero 6. Vamos aguardar, ele ainda aparece&#8230; Observando a contracapa deste lp, vejo que da Prest\u00edgio, todos aqui j\u00e1 foram ou ser\u00e3o logo postados. \u00c9 s\u00f3 uma quest\u00e3o de tempo \ud83d\ude09<\/p>\n<div>No quinto volume de &#8220;M\u00fasica e Festa&#8221;, temos o conjunto de Jos\u00e9 Menezes em quatro momentos, ou quatro extensas faixas, feitas para dan\u00e7ar, numa esp\u00e9cie de &#8216;pot-pourri&#8217; de rock balada, boleros, sambas e mais boleros. N\u00e3o deixem de conferir!<\/div>\n<div><\/div>\n<div style=\"text-align: center;\">johnny guitar<\/div>\n<div style=\"text-align: center;\">boulevard of broken dreams<\/div>\n<div style=\"text-align: center;\">sua magestade o nenen<\/div>\n<div style=\"text-align: center;\">algu\u00e9m me disse<\/div>\n<div style=\"text-align: center;\">espera cruel<\/div>\n<div style=\"text-align: center;\">sou eu<\/div>\n<div style=\"text-align: center;\">estou pensando em ti<\/div>\n<div style=\"text-align: center;\">menina mo\u00e7a<\/div>\n<div style=\"text-align: center;\">carinho e amor<\/div>\n<div style=\"text-align: center;\">medita\u00e7\u00e3o<\/div>\n<div style=\"text-align: center;\">n\u00e3o me culpem<\/div>\n<div style=\"text-align: center;\">violino cigano<\/div>\n<div style=\"text-align: center;\">olhos castanhos<\/div>\n<div style=\"text-align: center;\">tu \u00e9s meu castigo<\/div>\n<div style=\"text-align: center;\">las muchachas de la plaza espa\u00f1a<\/div>\n<div style=\"text-align: center;\"><\/div>\n<div style=\"text-align: center;\"><\/div>\n","protected":false},"excerpt":{"rendered":"<p>Bom dia, amigos cultos, ocultos e associados! Depois de muitas solicita\u00e7\u00f5es, consegui mais um disco da s\u00e9rie &#8220;M\u00fasica e Festa&#8221;, do Sexteto Prestige. Este foi um dos que eu trouxe do Rio, havia at\u00e9 me esquecido dele. Pensei tamb\u00e9m que &hellip; <a href=\"https:\/\/www.toque-musicall.com\/?p=114\">Continue lendo <span class=\"meta-nav\">&rarr;<\/span><\/a><\/p>\n","protected":false},"author":1,"featured_media":0,"comment_status":"open","ping_status":"closed","sticky":false,"template":"","format":"standard","meta":{"footnotes":""},"categories":[171,170],"tags":[],"class_list":["post-114","post","type-post","status-publish","format-standard","hentry","category-selo-prestige","category-sexteto-prestige"],"_links":{"self":[{"href":"https:\/\/www.toque-musicall.com\/index.php?rest_route=\/wp\/v2\/posts\/114","targetHints":{"allow":["GET"]}}],"collection":[{"href":"https:\/\/www.toque-musicall.com\/index.php?rest_route=\/wp\/v2\/posts"}],"about":[{"href":"https:\/\/www.toque-musicall.com\/index.php?rest_route=\/wp\/v2\/types\/post"}],"author":[{"embeddable":true,"href":"https:\/\/www.toque-musicall.com\/index.php?rest_route=\/wp\/v2\/users\/1"}],"replies":[{"embeddable":true,"href":"https:\/\/www.toque-musicall.com\/index.php?rest_route=%2Fwp%2Fv2%2Fcomments&post=114"}],"version-history":[{"count":0,"href":"https:\/\/www.toque-musicall.com\/index.php?rest_route=\/wp\/v2\/posts\/114\/revisions"}],"wp:attachment":[{"href":"https:\/\/www.toque-musicall.com\/index.php?rest_route=%2Fwp%2Fv2%2Fmedia&parent=114"}],"wp:term":[{"taxonomy":"category","embeddable":true,"href":"https:\/\/www.toque-musicall.com\/index.php?rest_route=%2Fwp%2Fv2%2Fcategories&post=114"},{"taxonomy":"post_tag","embeddable":true,"href":"https:\/\/www.toque-musicall.com\/index.php?rest_route=%2Fwp%2Fv2%2Ftags&post=114"}],"curies":[{"name":"wp","href":"https:\/\/api.w.org\/{rel}","templated":true}]}}