{"id":1140,"date":"2009-07-13T09:43:00","date_gmt":"2009-07-13T09:43:00","guid":{"rendered":"http:\/\/www.toque-musicall.com\/?p=1140"},"modified":"2009-07-13T09:43:00","modified_gmt":"2009-07-13T09:43:00","slug":"lia-salgado-e-a-cancao-brasileira-2009","status":"publish","type":"post","link":"https:\/\/www.toque-musicall.com\/?p=1140","title":{"rendered":"Lia Salgado E A Can\u00e7\u00e3o Brasileira (2009)"},"content":{"rendered":"<p><img decoding=\"async\" src=\"http:\/\/2.bp.blogspot.com\/_DSKVEvHtskc\/SlsQ143pcVI\/AAAAAAAAFFE\/10lNMKGRD0Y\/s400\/Lia+Salgado+-+P.JPG\" style=\"display:block; margin:0px auto 10px; text-align:center;cursor:pointer; cursor:hand;width: 398px; height: 400px;\" border=\"0\" alt=\"\" id=\"BLOGGER_PHOTO_ID_5357894699672236370\" \/><a href=\"http:\/\/3.bp.blogspot.com\/_DSKVEvHtskc\/SlsRhN29oHI\/AAAAAAAAFFU\/ZknZ_mPh7-M\/s1600-h\/Lia+Salgado+-+book.JPG\"><img decoding=\"async\" style=\"float:left; margin:0 10px 10px 0;cursor:pointer; cursor:hand;width: 195px; height: 200px;\" src=\"http:\/\/3.bp.blogspot.com\/_DSKVEvHtskc\/SlsRhN29oHI\/AAAAAAAAFFU\/ZknZ_mPh7-M\/s200\/Lia+Salgado+-+book.JPG\" border=\"0\" alt=\"\" id=\"BLOGGER_PHOTO_ID_5357895444040884338\" \/><\/a>Bom dia! Finalmente chegou as minhas f\u00e9rias! Vou dar uma pausa de 15 dias e volto no final do m\u00eas para a gente comemorar os dois anos de Toque Musical. Teremos assim, mais tr\u00eas postagens nesta semana e &#8216;p\u00e9 na estrada&#8217;!<\/p>\n<div>Antes de fechar para o descanso, gostaria de deixar postado este disco rec\u00e9m-relan\u00e7ado da cantora l\u00edrica <a href=\"http:\/\/toque-musicall.blogspot.com\/2008\/05\/lia-salgado-interpretando-autores.html\">Lia Salgado<\/a>. Ela j\u00e1 esteve presente em nosso toque musical \u00e0 pouco mais de um ano atr\u00e1s. Desta vez ela volta em grande estilo e em dose dupla no cd que re\u00fane os \u00e1lbuns &#8220;Interpretando Autores Brasileiros&#8221; de 1959, lan\u00e7ado pela Sinter (e <a href=\"http:\/\/toque-musicall.blogspot.com\/2008\/05\/lia-salgado-interpretando-autores.html\">postado aqui<\/a>), juntamente com &#8220;Can\u00e7\u00e3o Brasileira&#8221; que saiu pela Chantecler nos aos 60. O relan\u00e7amento dessas duas obras de Lia Salgado \u00e9 de uma import\u00e2ncia que vai muito al\u00e9m do pr\u00f3prio desejo de seus familiares em prestar-lhe uma homenagem. E eles, evidentemente, sabem disso, do valor art\u00edstico de uma grande int\u00e9rprete. Ainda mais ao lado de Alceu Bocchino e Camargo Guarnieri, dois nomes de peso da m\u00fasica erudita brasileira, presentes n\u00e3o apenas nas m\u00fasicas interpretadas, mas tamb\u00e9m (e principalmente) junto com a cantora, acompanhando-a ao piano. Vejam voc\u00eas a responsabilidade de Lia Salgado neste momento, gravando ao lado dos pr\u00f3prios autores. Mais que isso, a compet\u00eancia. Pois, poucos tiveram a oportunidade de estar em seu lugar, vivendo mais que um momento m\u00e1gico, hist\u00f3rico! O presente \u00e1lbum, em um delicado formato de livro, foi apresentado ao p\u00fablico a pouco mais de uma semana num lan\u00e7amento acontecido no Museu Hist\u00f3rico Ab\u00edlio Barreto, em Belo Horizonte. Este &#8216;mimo&#8217; teve uma tiragem limitada e foi distribu\u00eddo gratuitamente aos convidados e \u00e0 diversos setores da cultura, al\u00e9m de bibliotecas e escolas. Sem d\u00favida, um \u00edtem importante que enriquece nossos bancos de informa\u00e7\u00e3o cultural. <\/div>\n<div>Parab\u00e9ns \u00e0 fam\u00edlia pela bela e necess\u00e1ria atitude, honrando n\u00e3o apenas \u00e0 m\u00e3e e av\u00f3, mas tamb\u00e9m a um grande nome da m\u00fasica brasileira. N\u00f3s, os admiradores e amantes da boa m\u00fasica, s\u00f3 temos a agradecer. \ud83d\ude42<\/div>\n<div><\/div>\n<div style=\"text-align: center;\">Parte I<\/div>\n<div style=\"text-align: center;\">Ao piano: Alceu Bocchino e Camargo Guarnieri<\/div>\n<div style=\"text-align: center;\">amo-te muito<\/div>\n<div style=\"text-align: center;\">longe,bem longe<\/div>\n<div style=\"text-align: center;\">azul\u00e3o<\/div>\n<div style=\"text-align: center;\">foi numa noite calmosa<\/div>\n<div style=\"text-align: center;\">quando uma flor desabrocha<\/div>\n<div style=\"text-align: center;\">can\u00e7\u00e3o das m\u00e3es pretas<\/div>\n<div style=\"text-align: center;\">tayeras<\/div>\n<div style=\"text-align: center;\">aribu<\/div>\n<div style=\"text-align: center;\">segue-me<\/div>\n<div style=\"text-align: center;\">teus olhos verdes<\/div>\n<div style=\"text-align: center;\">vadeia caboclinho<\/div>\n<div style=\"text-align: center;\"><\/div>\n<div style=\"text-align: center;\">Parte II<\/div>\n<div style=\"text-align: center;\">Ao piano: Alceu Bocchino<\/div>\n<div style=\"text-align: center;\">evoca\u00e7\u00e3o<\/div>\n<div style=\"text-align: center;\">vida formosa<\/div>\n<div style=\"text-align: center;\">toada pra voc\u00ea<\/div>\n<div style=\"text-align: center;\">meu cora\u00e7\u00e3o<\/div>\n<div style=\"text-align: center;\">cantiga de ninar<\/div>\n<div style=\"text-align: center;\">o doce nome de voc\u00ea<\/div>\n<div style=\"text-align: center;\">Ao piano: Camargo Guarnieri<\/div>\n<div style=\"text-align: center;\">pomba rola<\/div>\n<div style=\"text-align: center;\">viola quebrada<\/div>\n<div style=\"text-align: center;\">eu gosto de voc\u00ea<\/div>\n<div style=\"text-align: center;\">aceitei tua amizade<\/div>\n<div style=\"text-align: center;\">porque<\/div>\n<div style=\"text-align: center;\"><\/div>\n<div style=\"text-align: center;\"><\/div>\n","protected":false},"excerpt":{"rendered":"<p>Bom dia! Finalmente chegou as minhas f\u00e9rias! Vou dar uma pausa de 15 dias e volto no final do m\u00eas para a gente comemorar os dois anos de Toque Musical. Teremos assim, mais tr\u00eas postagens nesta semana e &#8216;p\u00e9 na &hellip; <a href=\"https:\/\/www.toque-musicall.com\/?p=1140\">Continue lendo <span class=\"meta-nav\">&rarr;<\/span><\/a><\/p>\n","protected":false},"author":1,"featured_media":0,"comment_status":"open","ping_status":"closed","sticky":false,"template":"","format":"standard","meta":{"footnotes":""},"categories":[1413],"tags":[],"class_list":["post-1140","post","type-post","status-publish","format-standard","hentry","category-lia-salgado"],"_links":{"self":[{"href":"https:\/\/www.toque-musicall.com\/index.php?rest_route=\/wp\/v2\/posts\/1140","targetHints":{"allow":["GET"]}}],"collection":[{"href":"https:\/\/www.toque-musicall.com\/index.php?rest_route=\/wp\/v2\/posts"}],"about":[{"href":"https:\/\/www.toque-musicall.com\/index.php?rest_route=\/wp\/v2\/types\/post"}],"author":[{"embeddable":true,"href":"https:\/\/www.toque-musicall.com\/index.php?rest_route=\/wp\/v2\/users\/1"}],"replies":[{"embeddable":true,"href":"https:\/\/www.toque-musicall.com\/index.php?rest_route=%2Fwp%2Fv2%2Fcomments&post=1140"}],"version-history":[{"count":0,"href":"https:\/\/www.toque-musicall.com\/index.php?rest_route=\/wp\/v2\/posts\/1140\/revisions"}],"wp:attachment":[{"href":"https:\/\/www.toque-musicall.com\/index.php?rest_route=%2Fwp%2Fv2%2Fmedia&parent=1140"}],"wp:term":[{"taxonomy":"category","embeddable":true,"href":"https:\/\/www.toque-musicall.com\/index.php?rest_route=%2Fwp%2Fv2%2Fcategories&post=1140"},{"taxonomy":"post_tag","embeddable":true,"href":"https:\/\/www.toque-musicall.com\/index.php?rest_route=%2Fwp%2Fv2%2Ftags&post=1140"}],"curies":[{"name":"wp","href":"https:\/\/api.w.org\/{rel}","templated":true}]}}