{"id":11404,"date":"2025-09-07T22:21:09","date_gmt":"2025-09-08T01:21:09","guid":{"rendered":"https:\/\/www.toque-musicall.com\/?p=11404"},"modified":"2025-09-23T22:25:02","modified_gmt":"2025-09-24T01:25:02","slug":"maria-ella-sou-eu-1979","status":"publish","type":"post","link":"https:\/\/www.toque-musicall.com\/?p=11404","title":{"rendered":"Maria &#8211; Ella Sou Eu (1979)"},"content":{"rendered":"\n<figure class=\"wp-block-image size-large\"><img decoding=\"async\" src=\"https:\/\/blogger.googleusercontent.com\/img\/b\/R29vZ2xl\/AVvXsEiCQK_CDvst738URl07Med2skXz_bMhMFysjW9cgHWVdw1KJSddBFDp3i6hxhlVFj8AKBv1nukY6g9jWIOg-NMKNbm1vRB9Xek5cllAeGzGhxT9Op-WNnvZodq070Dud0Qiqmv0fGTMC-atEUdk06E5euqU6nvXBVgcRwoenek_Vcw8I2MuvoT2XZtzt_Tl\/w640-h634\/Capturar.JPG\" alt=\"\"\/><\/figure>\n\n\n\n<figure class=\"wp-block-image size-large\"><img decoding=\"async\" src=\"https:\/\/blogger.googleusercontent.com\/img\/b\/R29vZ2xl\/AVvXsEjWxy-HuwTrJvSn9GiTDwmMkU4I2BGS63PRMMjFZBvJZyO0ydfDVJvEh4bu_uJ7s03jYuakLKcDod8kV2FKIVFc2ZYRhiWGk2leKedAQVLl82rcjM68JCePtXwRjBekBnCcTqwxFaWwbqjY07Znk9k4dvUF15G_WD6utFCXqHNnZ68quF67bM6aCkMTKAgK\/w640-h632\/Capturarp.JPG\" alt=\"\"\/><\/figure>\n\n\n<div class=\"separator\">Aqui, uma curiosidade. Um compacto com a m\u00fasica &#8220;Ella sou eu&#8221;. Uma esp\u00e9cie de jingles para um comercial de cigarros para mulheres, o Ella. Quem se lembra? A m\u00fasica aparece no compacto em duas vers\u00f5es, cantada e instrumental, lan\u00e7ada pela Continental (que n\u00e3o \u00e9 outra marca de cigarros) em 1979. Maria foi um pseud\u00f4nimo criado para a cantora, que na verdade \u00e9 Alciony Menegaz, artista pouco conhecida fora do eixo paulista, onde trabalhou em boates e gravou outros compactos. O disquinho traz arranjos e reg\u00eancia de Eduardo Souto.<\/div>\n<div class=\"separator\">\u00a0<\/div>\n<div class=\"separator\">ella<\/div>\n<div class=\"separator\">\u00a0<\/div>\n<div class=\"separator\">\u00a0<\/div>\n<div class=\"separator\">.<\/div>","protected":false},"excerpt":{"rendered":"<p>Aqui, uma curiosidade. Um compacto com a m\u00fasica &#8220;Ella sou eu&#8221;. Uma esp\u00e9cie de jingles para um comercial de cigarros para mulheres, o Ella. Quem se lembra? A m\u00fasica aparece no compacto em duas vers\u00f5es, cantada e instrumental, lan\u00e7ada pela &hellip; <a href=\"https:\/\/www.toque-musicall.com\/?p=11404\">Continue lendo <span class=\"meta-nav\">&rarr;<\/span><\/a><\/p>\n","protected":false},"author":1,"featured_media":0,"comment_status":"closed","ping_status":"closed","sticky":false,"template":"","format":"standard","meta":{"footnotes":""},"categories":[1],"tags":[6058,3072,3327],"class_list":["post-11404","post","type-post","status-publish","format-standard","hentry","category-sem-categoria","tag-alciony-menegaz","tag-compactos","tag-selo-continental"],"_links":{"self":[{"href":"https:\/\/www.toque-musicall.com\/index.php?rest_route=\/wp\/v2\/posts\/11404","targetHints":{"allow":["GET"]}}],"collection":[{"href":"https:\/\/www.toque-musicall.com\/index.php?rest_route=\/wp\/v2\/posts"}],"about":[{"href":"https:\/\/www.toque-musicall.com\/index.php?rest_route=\/wp\/v2\/types\/post"}],"author":[{"embeddable":true,"href":"https:\/\/www.toque-musicall.com\/index.php?rest_route=\/wp\/v2\/users\/1"}],"replies":[{"embeddable":true,"href":"https:\/\/www.toque-musicall.com\/index.php?rest_route=%2Fwp%2Fv2%2Fcomments&post=11404"}],"version-history":[{"count":1,"href":"https:\/\/www.toque-musicall.com\/index.php?rest_route=\/wp\/v2\/posts\/11404\/revisions"}],"predecessor-version":[{"id":11405,"href":"https:\/\/www.toque-musicall.com\/index.php?rest_route=\/wp\/v2\/posts\/11404\/revisions\/11405"}],"wp:attachment":[{"href":"https:\/\/www.toque-musicall.com\/index.php?rest_route=%2Fwp%2Fv2%2Fmedia&parent=11404"}],"wp:term":[{"taxonomy":"category","embeddable":true,"href":"https:\/\/www.toque-musicall.com\/index.php?rest_route=%2Fwp%2Fv2%2Fcategories&post=11404"},{"taxonomy":"post_tag","embeddable":true,"href":"https:\/\/www.toque-musicall.com\/index.php?rest_route=%2Fwp%2Fv2%2Ftags&post=11404"}],"curies":[{"name":"wp","href":"https:\/\/api.w.org\/{rel}","templated":true}]}}