{"id":1141,"date":"2009-07-12T18:51:00","date_gmt":"2009-07-12T18:51:00","guid":{"rendered":"http:\/\/www.toque-musicall.com\/?p=1141"},"modified":"2009-07-12T18:51:00","modified_gmt":"2009-07-12T18:51:00","slug":"celio-balona-imagens-1983","status":"publish","type":"post","link":"https:\/\/www.toque-musicall.com\/?p=1141","title":{"rendered":"Celio Balona &#8211; Imagens (1983)"},"content":{"rendered":"<p><a href=\"http:\/\/2.bp.blogspot.com\/_DSKVEvHtskc\/SloxUPCpgSI\/AAAAAAAAFEI\/7DjycARKk04\/s1600-h\/celio+P.JPG\"><img decoding=\"async\" style=\"display:block; margin:0px auto 10px; text-align:center;cursor:pointer; cursor:hand;width: 396px; height: 400px;\" src=\"http:\/\/2.bp.blogspot.com\/_DSKVEvHtskc\/SloxUPCpgSI\/AAAAAAAAFEI\/7DjycARKk04\/s400\/celio+P.JPG\" border=\"0\" alt=\"\" id=\"BLOGGER_PHOTO_ID_5357648930415411490\" \/><\/a>Ol\u00e1 meus prezados amigos cultos e ocultos! Hoje eu me atrasei, mas ainda estamos em dia \ud83d\ude09 E o dia hoje est\u00e1 bom para a m\u00fasica instrumental de C\u00e9lio Balona. Um artista que marca presen\u00e7a aqui pela terceira vez. Ao longo desse tempo vemos (e ouvimos) seus diversos momentos como instrumentista de primeira linha, escondido atr\u00e1s das montanhas de Minas. Desta vez eu trago &#8220;Imagens&#8221;. Para mim, um de seus melhores discos, aquele pelo qual o artista ser\u00e1 lembrado. Eu acredito que este trabalho s\u00f3 n\u00e3o &#8216;deslanchou&#8217; por ter sido lan\u00e7ado de forma bem mineira, sem alardes. S\u00f3 que no mundo da m\u00fasica, se n\u00e3o fizer barulho n\u00e3o chama aten\u00e7\u00e3o. O Balona nunca esteve muito preocupado com isso. Por certo, pelo seu talento, nunca lhe faltaram oportunidades, mas ele preferiu seguir pelas &#8216;Geraes&#8217;. Este \u00e1lbum \u00e9 algo que agrada de imediato. M\u00fasica instrumental moderna de n\u00edvel internacional, nada parecido com seus trabalhos anteriores. Um &#8216;fusion&#8217; bem temperado com participa\u00e7\u00f5es especiais de Ezequiel Lima, M\u00e1rio Castelo, Nenen, Marcus Viana, Juarez Moreira e outros feras da m\u00fasica mineira. Disc\u00e3o!<\/p>\n<div><\/div>\n<div style=\"text-align: center;\">imagens<\/div>\n<div style=\"text-align: center;\">cantiqua<\/div>\n<div style=\"text-align: center;\">choroso<\/div>\n<div style=\"text-align: center;\">grafitti<\/div>\n<div style=\"text-align: center;\">tropicana<\/div>\n<div style=\"text-align: center;\">estrelas e vagalumes<\/div>\n<div style=\"text-align: center;\">flor de ver\u00e3o<\/div>\n<div style=\"text-align: center;\">brasiliana<\/div>\n<div style=\"text-align: center;\"><\/div>\n<div style=\"text-align: center;\"><\/div>\n","protected":false},"excerpt":{"rendered":"<p>Ol\u00e1 meus prezados amigos cultos e ocultos! Hoje eu me atrasei, mas ainda estamos em dia \ud83d\ude09 E o dia hoje est\u00e1 bom para a m\u00fasica instrumental de C\u00e9lio Balona. Um artista que marca presen\u00e7a aqui pela terceira vez. Ao &hellip; <a href=\"https:\/\/www.toque-musicall.com\/?p=1141\">Continue lendo <span class=\"meta-nav\">&rarr;<\/span><\/a><\/p>\n","protected":false},"author":1,"featured_media":0,"comment_status":"open","ping_status":"closed","sticky":false,"template":"","format":"standard","meta":{"footnotes":""},"categories":[402],"tags":[],"class_list":["post-1141","post","type-post","status-publish","format-standard","hentry","category-celio-balona"],"_links":{"self":[{"href":"https:\/\/www.toque-musicall.com\/index.php?rest_route=\/wp\/v2\/posts\/1141","targetHints":{"allow":["GET"]}}],"collection":[{"href":"https:\/\/www.toque-musicall.com\/index.php?rest_route=\/wp\/v2\/posts"}],"about":[{"href":"https:\/\/www.toque-musicall.com\/index.php?rest_route=\/wp\/v2\/types\/post"}],"author":[{"embeddable":true,"href":"https:\/\/www.toque-musicall.com\/index.php?rest_route=\/wp\/v2\/users\/1"}],"replies":[{"embeddable":true,"href":"https:\/\/www.toque-musicall.com\/index.php?rest_route=%2Fwp%2Fv2%2Fcomments&post=1141"}],"version-history":[{"count":0,"href":"https:\/\/www.toque-musicall.com\/index.php?rest_route=\/wp\/v2\/posts\/1141\/revisions"}],"wp:attachment":[{"href":"https:\/\/www.toque-musicall.com\/index.php?rest_route=%2Fwp%2Fv2%2Fmedia&parent=1141"}],"wp:term":[{"taxonomy":"category","embeddable":true,"href":"https:\/\/www.toque-musicall.com\/index.php?rest_route=%2Fwp%2Fv2%2Fcategories&post=1141"},{"taxonomy":"post_tag","embeddable":true,"href":"https:\/\/www.toque-musicall.com\/index.php?rest_route=%2Fwp%2Fv2%2Ftags&post=1141"}],"curies":[{"name":"wp","href":"https:\/\/api.w.org\/{rel}","templated":true}]}}