{"id":11412,"date":"2025-09-10T23:30:47","date_gmt":"2025-09-11T02:30:47","guid":{"rendered":"https:\/\/www.toque-musicall.com\/?p=11412"},"modified":"2025-09-27T23:36:21","modified_gmt":"2025-09-28T02:36:21","slug":"elizeth-cardoso-sergio-bittencourt-1973","status":"publish","type":"post","link":"https:\/\/www.toque-musicall.com\/?p=11412","title":{"rendered":"Elizeth Cardoso (&amp; Sergio Bittencourt) (1973)"},"content":{"rendered":"\n<figure class=\"wp-block-image size-large\"><img decoding=\"async\" src=\"https:\/\/blogger.googleusercontent.com\/img\/b\/R29vZ2xl\/AVvXsEjZRFD1b1f9qoC_qGAFh86GJ9FhgJCX1xAt6_RNn1Wt7HvuNSg4xTBb3rQB7XSZQ3RUHlfBj-mInIjtJ7W3V3uD9QHvdMZBcr0IUHI0lHDLNpNzIISzqLJC-fQL8n9s1OeHOii4fwEsLANdw2YMvVkyfIdj7FjO-NGVwCipoEppXmT7pD4xTknXyXTD5MAy\/w640-h640\/Capturar.JPG\" alt=\"\"\/><\/figure>\n\n\n\n<figure class=\"wp-block-image size-large\"><img decoding=\"async\" src=\"https:\/\/blogger.googleusercontent.com\/img\/b\/R29vZ2xl\/AVvXsEhwgQLxlfYFi38NIeWqKSq49XdZaO7j-CwXZEwDWW0kkvFJ4ld2w6J5F_CYE6u0ljcffLoQ2b1Us7HQqBD2qZz-Q4zseJ9uE-9GbujxCW175pisB5zNf-eP7nRNvxCKHUskzArcheTtP69x8LeZQ1dW8DPGfylcIzeyIB0O3Dx2rp8GWXGXoyakDkkXbRpi\/w640-h636\/Capturarb.JPG\" alt=\"\"\/><\/figure>\n\n\n<div class=\"separator\">Para hoje, nosso encontro \u00e9 Elizeth Cardoso, num compacto simples, mas que fez sucesso. Sucesso nos dois lados do disquinho. Come\u00e7ando com ela ao lado de S\u00e9rgio Bittencourt e seu maior destaque, &#8220;Naquela mesa&#8221;, m\u00fasica que ele fez para o pai, Jacob do Bandolim. Essa m\u00fasica marcou \u00e9poca e foi gravada por v\u00e1rios artistas. E do outro lado, o samba de Eduardo Gudin e Paulo Cesar Pinheiro, &#8220;Olha quem chega&#8221;, que tamb\u00e9m foi gravado por outros artistas, inclusive o pr\u00f3prio Gudin em seu lp de 1975.<\/div>\n<div class=\"separator\">\u00a0<\/div>\n<div class=\"separator\">naquela mesa (com sergio bittencourt)<\/div>\n<div class=\"separator\">olha quem chega<\/div>\n<div class=\"separator\">\u00a0<\/div>\n<div class=\"separator\">\u00a0<\/div>\n<div class=\"separator\">.<\/div>\n<p>&nbsp;<\/p>","protected":false},"excerpt":{"rendered":"<p>Para hoje, nosso encontro \u00e9 Elizeth Cardoso, num compacto simples, mas que fez sucesso. Sucesso nos dois lados do disquinho. Come\u00e7ando com ela ao lado de S\u00e9rgio Bittencourt e seu maior destaque, &#8220;Naquela mesa&#8221;, m\u00fasica que ele fez para o &hellip; <a href=\"https:\/\/www.toque-musicall.com\/?p=11412\">Continue lendo <span class=\"meta-nav\">&rarr;<\/span><\/a><\/p>\n","protected":false},"author":1,"featured_media":0,"comment_status":"closed","ping_status":"closed","sticky":false,"template":"","format":"standard","meta":{"footnotes":""},"categories":[1],"tags":[3562,6060],"class_list":["post-11412","post","type-post","status-publish","format-standard","hentry","category-sem-categoria","tag-elizeth-cardoso","tag-sergio-bittencourt"],"_links":{"self":[{"href":"https:\/\/www.toque-musicall.com\/index.php?rest_route=\/wp\/v2\/posts\/11412","targetHints":{"allow":["GET"]}}],"collection":[{"href":"https:\/\/www.toque-musicall.com\/index.php?rest_route=\/wp\/v2\/posts"}],"about":[{"href":"https:\/\/www.toque-musicall.com\/index.php?rest_route=\/wp\/v2\/types\/post"}],"author":[{"embeddable":true,"href":"https:\/\/www.toque-musicall.com\/index.php?rest_route=\/wp\/v2\/users\/1"}],"replies":[{"embeddable":true,"href":"https:\/\/www.toque-musicall.com\/index.php?rest_route=%2Fwp%2Fv2%2Fcomments&post=11412"}],"version-history":[{"count":2,"href":"https:\/\/www.toque-musicall.com\/index.php?rest_route=\/wp\/v2\/posts\/11412\/revisions"}],"predecessor-version":[{"id":11414,"href":"https:\/\/www.toque-musicall.com\/index.php?rest_route=\/wp\/v2\/posts\/11412\/revisions\/11414"}],"wp:attachment":[{"href":"https:\/\/www.toque-musicall.com\/index.php?rest_route=%2Fwp%2Fv2%2Fmedia&parent=11412"}],"wp:term":[{"taxonomy":"category","embeddable":true,"href":"https:\/\/www.toque-musicall.com\/index.php?rest_route=%2Fwp%2Fv2%2Fcategories&post=11412"},{"taxonomy":"post_tag","embeddable":true,"href":"https:\/\/www.toque-musicall.com\/index.php?rest_route=%2Fwp%2Fv2%2Ftags&post=11412"}],"curies":[{"name":"wp","href":"https:\/\/api.w.org\/{rel}","templated":true}]}}