{"id":11427,"date":"2025-09-15T22:09:10","date_gmt":"2025-09-16T01:09:10","guid":{"rendered":"https:\/\/www.toque-musicall.com\/?p=11427"},"modified":"2025-09-30T09:20:10","modified_gmt":"2025-09-30T12:20:10","slug":"arthur-rezende-uniao-de-artistas-brasileiros-1975","status":"publish","type":"post","link":"https:\/\/www.toque-musicall.com\/?p=11427","title":{"rendered":"Arthur Rezende &#8211; Uni\u00e3o De Artistas Brasileiros (1975)"},"content":{"rendered":"\n<figure class=\"wp-block-image size-large\"><img decoding=\"async\" src=\"https:\/\/blogger.googleusercontent.com\/img\/b\/R29vZ2xl\/AVvXsEjQoroCLslzT8Ke0Ot_pMg1dPo4ihY3pcWKwt16mSZted-0xSGNlluadMW2XXPm-qHvxU7D5406mRXlZFflmfY2m3q2mvTdro9JGvjzo2DY9IUaGKaP2xWv9K3mHwn5GTYuK9hPsweIQqQ0dmmMXx9o8n9bwLMTaznhzE2LB7Aw4KwHcwkFtaBATvmLbFih\/w640-h640\/Capturar.JPG\" alt=\"\"\/><\/figure>\n\n\n\n<figure class=\"wp-block-image size-large\"><img decoding=\"async\" src=\"https:\/\/blogger.googleusercontent.com\/img\/b\/R29vZ2xl\/AVvXsEiHdGolKsX9sGSJXdk2T3L04ERr_ZlnkHRWh7IGAOp_LWia2p3d4NJv1wnfiKaWui_uTwgBtylBz7MXG4yqDYH8m8Qbj_lBoFbAaECPrJkBGpK9C6AZ00ImvCZPW_-cpxGdlaQSJBoWq0hkiseWm52oOFCxxUtSkmLSjLL8KhXdsO9XWlsUlIReCwn56Mxr\/w640-h640\/Capturarb.JPG\" alt=\"\"\/><\/figure>\n\n\n<div class=\"separator\">Mais um daqueles disquinhos que \u00e9 um verdadeiro quebra-cabe\u00e7as. A gente tem que ir juntando as pe\u00e7as para poder entender&#8230; Arthur Rezende, m\u00fasico que esteve a frente da Uni\u00e3o de Artistas Brasileiros, uma entidade que surgiu, segundo consta, com a proposta de representar e unir profissionais da artes no Brasil nos anos 60 e 70. Este disquinho foi talvez fruto desse movimento. Arthur Rezende \u00e9 um nome t\u00e3o comum, inclusive no mundo musical, que fica at\u00e9 dif\u00edcil saber ao certo sobre ele. Tamb\u00e9m, n\u00e3o h\u00e1 outras referencias a UAB. Mas do pouco que se sabe sobre este compacto \u00e9 que teve arranjos de Rog\u00e9rio Duprat e a participa\u00e7\u00e3o do ent\u00e3o guitarista de rock Andr\u00e9 Geraissati, que \u00e9 quem d\u00e1 o tom em &#8220;Sua fuga n\u00e3o vai adiantar&#8221;, m\u00fasica que desperta o interesse daqueles que vivem buscando uma sonoridade jovem, de rock. Interessante, ou no m\u00ednimo curioso. Vale uma conferida&#8230;<\/div>\n<div class=\"separator\">\u00a0<\/div>\n<div class=\"separator\">em seu corpo me refa\u00e7o<\/div>\n<div class=\"separator\">sua fuga n\u00e3o vai adiantar<\/div>\n<div class=\"separator\">\u00a0<\/div>\n<div class=\"separator\">\u00a0<\/div>\n<div class=\"separator\">.<\/div>","protected":false},"excerpt":{"rendered":"<p>Mais um daqueles disquinhos que \u00e9 um verdadeiro quebra-cabe\u00e7as. A gente tem que ir juntando as pe\u00e7as para poder entender&#8230; Arthur Rezende, m\u00fasico que esteve a frente da Uni\u00e3o de Artistas Brasileiros, uma entidade que surgiu, segundo consta, com a &hellip; <a href=\"https:\/\/www.toque-musicall.com\/?p=11427\">Continue lendo <span class=\"meta-nav\">&rarr;<\/span><\/a><\/p>\n","protected":false},"author":1,"featured_media":0,"comment_status":"closed","ping_status":"closed","sticky":false,"template":"","format":"standard","meta":{"footnotes":""},"categories":[1],"tags":[6068,6069],"class_list":["post-11427","post","type-post","status-publish","format-standard","hentry","category-sem-categoria","tag-arthur-rezende","tag-selo-uab-independente"],"_links":{"self":[{"href":"https:\/\/www.toque-musicall.com\/index.php?rest_route=\/wp\/v2\/posts\/11427","targetHints":{"allow":["GET"]}}],"collection":[{"href":"https:\/\/www.toque-musicall.com\/index.php?rest_route=\/wp\/v2\/posts"}],"about":[{"href":"https:\/\/www.toque-musicall.com\/index.php?rest_route=\/wp\/v2\/types\/post"}],"author":[{"embeddable":true,"href":"https:\/\/www.toque-musicall.com\/index.php?rest_route=\/wp\/v2\/users\/1"}],"replies":[{"embeddable":true,"href":"https:\/\/www.toque-musicall.com\/index.php?rest_route=%2Fwp%2Fv2%2Fcomments&post=11427"}],"version-history":[{"count":3,"href":"https:\/\/www.toque-musicall.com\/index.php?rest_route=\/wp\/v2\/posts\/11427\/revisions"}],"predecessor-version":[{"id":11430,"href":"https:\/\/www.toque-musicall.com\/index.php?rest_route=\/wp\/v2\/posts\/11427\/revisions\/11430"}],"wp:attachment":[{"href":"https:\/\/www.toque-musicall.com\/index.php?rest_route=%2Fwp%2Fv2%2Fmedia&parent=11427"}],"wp:term":[{"taxonomy":"category","embeddable":true,"href":"https:\/\/www.toque-musicall.com\/index.php?rest_route=%2Fwp%2Fv2%2Fcategories&post=11427"},{"taxonomy":"post_tag","embeddable":true,"href":"https:\/\/www.toque-musicall.com\/index.php?rest_route=%2Fwp%2Fv2%2Ftags&post=11427"}],"curies":[{"name":"wp","href":"https:\/\/api.w.org\/{rel}","templated":true}]}}