{"id":11437,"date":"2025-09-19T21:26:26","date_gmt":"2025-09-20T00:26:26","guid":{"rendered":"https:\/\/www.toque-musicall.com\/?p=11437"},"modified":"2025-10-03T21:28:18","modified_gmt":"2025-10-04T00:28:18","slug":"instrumental-tal-suite-brasilia-1982","status":"publish","type":"post","link":"https:\/\/www.toque-musicall.com\/?p=11437","title":{"rendered":"Instrumental &amp; Tal &#8211; Su\u00edte Bras\u00edlia (1982)"},"content":{"rendered":"\n<figure class=\"wp-block-image size-large\"><img decoding=\"async\" src=\"https:\/\/blogger.googleusercontent.com\/img\/b\/R29vZ2xl\/AVvXsEjASyypMnHDm4rJV76A77o1UdNZR5ht0MhBs4fcBL4cyKbQLfUUaIi_M9w310ap0gXtG2yZGiel9ACR-SdQT6IkoStCuV1sMrl0WGBTDX1sdRmDbKVd3Add63Uc6lqNoIl98j29xlBFPCOguKOC9UGFuFAWzslFBLJUOQU0Y30SxFKjo_iz7Y7NEQaVAUDs\/w636-h640\/Imagem%20do%20WhatsApp%20de%202025-09-15%20%C3%A0(s)%2022.46.09_d884a591.jpg\" alt=\"\"\/><\/figure>\n\n\n\n<figure class=\"wp-block-image size-large\"><img decoding=\"async\" src=\"https:\/\/blogger.googleusercontent.com\/img\/b\/R29vZ2xl\/AVvXsEh_Bk3R_aWMr38qewCWkvwKx8MGSjKTUSW1DBIqDFIzURs9T93bcFdJgt6-WuyteenlFh8IfjvtuTPrhnl6UfRCwO1DlF7r6UnvqLb60Vfmvi0f3yk4iNLZDvJogYL1KL2LT-Zz3ZyJReBBYbLpQ0Y0UWZJC6qkx3lligEksCoj5AIbhnIXPdq0Vzd7zzXY\/w638-h640\/Imagem%20do%20WhatsApp%20de%202025-09-15%20%C3%A0(s)%2022.46.09_db2e0301.jpg\" alt=\"\"\/><\/figure>\n\n\n<div class=\"separator\">Desta vez vamos o um grupo de Bras\u00edlia, de m\u00fasica instrumental, surgido no in\u00edcio dos anos 80. Liderando pelo pianista e compositor Renato Vasconcelos e trazendo ainda um time de jovens m\u00fasicos, entre os quais, Andr\u00e9a, Beth e Jaime Ernest, filhos da famosa flautista Odette Ernest e outros m\u00fasicos, como se pode ver na contracapa deste compacto duplo. O disco foi gravado em Belo Horizonte, no Est\u00fadio Bemol, em 1982. O Instrumental &amp; Tal foi um grupo pioneiro na cena da capital federal. Conforme as informa\u00e7\u00f5es, &#8220;Su\u00edte Brasilia&#8221; \u00e9 um dos temas mais importantes da m\u00fasica instrumental brasilience. Um trabalho inovador para a \u00e9poca. Curioso pelo g\u00eanero, lan\u00e7ado em compacto de capa dupla. Para quem se liga no instrumental, eis a chance de conhecer essa produ\u00e7\u00e3o independente. Confiram no GTM&#8230;<\/div>\n<div class=\"separator\">\u00a0<\/div>\n<div class=\"separator\">su\u00edte bras\u00edlia &#8211; tema I<\/div>\n<div class=\"separator\">paula<\/div>\n<div class=\"separator\">sonho<\/div>\n<div class=\"separator\">su\u00edte brailia &#8211; tema II<\/div>\n<div class=\"separator\">\u00a0<\/div>\n<div class=\"separator\">\u00a0<\/div>\n<div class=\"separator\">.<\/div>","protected":false},"excerpt":{"rendered":"<p>Desta vez vamos o um grupo de Bras\u00edlia, de m\u00fasica instrumental, surgido no in\u00edcio dos anos 80. Liderando pelo pianista e compositor Renato Vasconcelos e trazendo ainda um time de jovens m\u00fasicos, entre os quais, Andr\u00e9a, Beth e Jaime Ernest, &hellip; <a href=\"https:\/\/www.toque-musicall.com\/?p=11437\">Continue lendo <span class=\"meta-nav\">&rarr;<\/span><\/a><\/p>\n","protected":false},"author":1,"featured_media":0,"comment_status":"closed","ping_status":"closed","sticky":false,"template":"","format":"standard","meta":{"footnotes":""},"categories":[1],"tags":[3072,6074,3397],"class_list":["post-11437","post","type-post","status-publish","format-standard","hentry","category-sem-categoria","tag-compactos","tag-instrumental-tal","tag-selo-bemol"],"_links":{"self":[{"href":"https:\/\/www.toque-musicall.com\/index.php?rest_route=\/wp\/v2\/posts\/11437","targetHints":{"allow":["GET"]}}],"collection":[{"href":"https:\/\/www.toque-musicall.com\/index.php?rest_route=\/wp\/v2\/posts"}],"about":[{"href":"https:\/\/www.toque-musicall.com\/index.php?rest_route=\/wp\/v2\/types\/post"}],"author":[{"embeddable":true,"href":"https:\/\/www.toque-musicall.com\/index.php?rest_route=\/wp\/v2\/users\/1"}],"replies":[{"embeddable":true,"href":"https:\/\/www.toque-musicall.com\/index.php?rest_route=%2Fwp%2Fv2%2Fcomments&post=11437"}],"version-history":[{"count":1,"href":"https:\/\/www.toque-musicall.com\/index.php?rest_route=\/wp\/v2\/posts\/11437\/revisions"}],"predecessor-version":[{"id":11438,"href":"https:\/\/www.toque-musicall.com\/index.php?rest_route=\/wp\/v2\/posts\/11437\/revisions\/11438"}],"wp:attachment":[{"href":"https:\/\/www.toque-musicall.com\/index.php?rest_route=%2Fwp%2Fv2%2Fmedia&parent=11437"}],"wp:term":[{"taxonomy":"category","embeddable":true,"href":"https:\/\/www.toque-musicall.com\/index.php?rest_route=%2Fwp%2Fv2%2Fcategories&post=11437"},{"taxonomy":"post_tag","embeddable":true,"href":"https:\/\/www.toque-musicall.com\/index.php?rest_route=%2Fwp%2Fv2%2Ftags&post=11437"}],"curies":[{"name":"wp","href":"https:\/\/api.w.org\/{rel}","templated":true}]}}