{"id":1144,"date":"2009-07-09T10:22:00","date_gmt":"2009-07-09T10:22:00","guid":{"rendered":"http:\/\/www.toque-musicall.com\/?p=1144"},"modified":"2009-07-09T10:22:00","modified_gmt":"2009-07-09T10:22:00","slug":"fabio-paes-pensando-na-alegria-1984","status":"publish","type":"post","link":"https:\/\/www.toque-musicall.com\/?p=1144","title":{"rendered":"Fabio Paes &#8211; Pensando Na Alegria (1984)"},"content":{"rendered":"<p><a href=\"http:\/\/3.bp.blogspot.com\/_DSKVEvHtskc\/SlXFIACXp2I\/AAAAAAAAE1Q\/zTCWI9L-AhA\/s1600-h\/fabio+paes+P.JPG\"><img decoding=\"async\" style=\"display:block; margin:0px auto 10px; text-align:center;cursor:pointer; cursor:hand;width: 400px; height: 400px;\" src=\"http:\/\/3.bp.blogspot.com\/_DSKVEvHtskc\/SlXFIACXp2I\/AAAAAAAAE1Q\/zTCWI9L-AhA\/s400\/fabio+paes+P.JPG\" border=\"0\" alt=\"\" id=\"BLOGGER_PHOTO_ID_5356404073066637154\" \/><\/a>Bom dia! A semana passou depressa, eu quase nem percebi. Como j\u00e1 havia anunciado, a partir do dia 16 eu estarei de f\u00e9rias. Eu e o Toque Musical, que entra em recesso at\u00e9 o dia 30. No dia 31 est\u00e3o todos convidados, no retorno, para comemorarmos juntos o terceiro ano do Toque Musical, completando nessa data 2 anos de atividades. Estranho falar assim, mas considerando que o blog iniciou em 2007, estamos no terceiro ano \ud83d\ude42 Mas de exist\u00eancia e atividades ele est\u00e1 completando dois anos. T\u00f4 resistindo&#8230;<\/p>\n<div>Vou fazer desta quinta-feira o Dia do Independente da semana, trazendo o poeta e compositor baiano F\u00e1bio Paes em seu primeiro lp, o &#8220;Pensando na alegria&#8221;. F\u00e1bio tem uma trajet\u00f3ria rica, iniciou sua carreira nos anos 70 em parceria com Raimundo Monte Santo, outro artista que n\u00e3o chegou a mostrar sua arte, vindo a falecer naquela mesma d\u00e9cada. A partir dos anos 80 e com outros parceiros, F\u00e1bio retoma sua trilha, sempre ligada \u00e0s ra\u00edzes, cantando o sert\u00e3o e os movimentos populares. Neste disco de estr\u00e9ia, muito bonito por sinal, temos can\u00e7\u00f5es feitas com parceiros ilustres que tamb\u00e9m participam do disco, como Elomar, Carlos Pita e D\u00e9rcio Marques quem tamb\u00e9m dirigiu todo o trabalho. Vale a pena conferir esta raridade \ud83d\ude09<\/div>\n<div><\/div>\n<div style=\"text-align: center;\">n\u00e3o tou s\u00f3 na natureza<\/div>\n<div style=\"text-align: center;\">batalha<\/div>\n<div style=\"text-align: center;\">arriba\u00e7\u00e3o<\/div>\n<div style=\"text-align: center;\">pensando na alegria<\/div>\n<div style=\"text-align: center;\">boca fria \/ festa de moir\u00e3o<\/div>\n<div style=\"text-align: center;\">forr\u00f3 de jaboat\u00e3o (vinheta)<\/div>\n<div style=\"text-align: center;\">galope da manh\u00e3<\/div>\n<div style=\"text-align: center;\">can\u00e7\u00e3o da vida<\/div>\n<div style=\"text-align: center;\">truvejo<\/div>\n<div style=\"text-align: center;\">relampeio<\/div>\n<div style=\"text-align: center;\">forr\u00f3 de jaboat\u00e3o<\/div>\n<div style=\"text-align: center;\">canto da serra<\/div>\n<div style=\"text-align: center;\"><\/div>\n<div style=\"text-align: center;\"><\/div>\n","protected":false},"excerpt":{"rendered":"<p>Bom dia! A semana passou depressa, eu quase nem percebi. Como j\u00e1 havia anunciado, a partir do dia 16 eu estarei de f\u00e9rias. Eu e o Toque Musical, que entra em recesso at\u00e9 o dia 30. No dia 31 est\u00e3o &hellip; <a href=\"https:\/\/www.toque-musicall.com\/?p=1144\">Continue lendo <span class=\"meta-nav\">&rarr;<\/span><\/a><\/p>\n","protected":false},"author":1,"featured_media":0,"comment_status":"open","ping_status":"closed","sticky":false,"template":"","format":"standard","meta":{"footnotes":""},"categories":[1416],"tags":[],"class_list":["post-1144","post","type-post","status-publish","format-standard","hentry","category-fabio-paes"],"_links":{"self":[{"href":"https:\/\/www.toque-musicall.com\/index.php?rest_route=\/wp\/v2\/posts\/1144","targetHints":{"allow":["GET"]}}],"collection":[{"href":"https:\/\/www.toque-musicall.com\/index.php?rest_route=\/wp\/v2\/posts"}],"about":[{"href":"https:\/\/www.toque-musicall.com\/index.php?rest_route=\/wp\/v2\/types\/post"}],"author":[{"embeddable":true,"href":"https:\/\/www.toque-musicall.com\/index.php?rest_route=\/wp\/v2\/users\/1"}],"replies":[{"embeddable":true,"href":"https:\/\/www.toque-musicall.com\/index.php?rest_route=%2Fwp%2Fv2%2Fcomments&post=1144"}],"version-history":[{"count":0,"href":"https:\/\/www.toque-musicall.com\/index.php?rest_route=\/wp\/v2\/posts\/1144\/revisions"}],"wp:attachment":[{"href":"https:\/\/www.toque-musicall.com\/index.php?rest_route=%2Fwp%2Fv2%2Fmedia&parent=1144"}],"wp:term":[{"taxonomy":"category","embeddable":true,"href":"https:\/\/www.toque-musicall.com\/index.php?rest_route=%2Fwp%2Fv2%2Fcategories&post=1144"},{"taxonomy":"post_tag","embeddable":true,"href":"https:\/\/www.toque-musicall.com\/index.php?rest_route=%2Fwp%2Fv2%2Ftags&post=1144"}],"curies":[{"name":"wp","href":"https:\/\/api.w.org\/{rel}","templated":true}]}}