{"id":11446,"date":"2025-09-23T21:31:21","date_gmt":"2025-09-24T00:31:21","guid":{"rendered":"https:\/\/www.toque-musicall.com\/?p=11446"},"modified":"2025-10-12T23:03:08","modified_gmt":"2025-10-13T02:03:08","slug":"sangue-da-cidade-1983","status":"publish","type":"post","link":"https:\/\/www.toque-musicall.com\/?p=11446","title":{"rendered":"Sangue Da Cidade (1983)"},"content":{"rendered":"\n<figure class=\"wp-block-image size-large\"><img decoding=\"async\" src=\"https:\/\/blogger.googleusercontent.com\/img\/b\/R29vZ2xl\/AVvXsEiNpUABbYeE580Uz7fVrZDgFp8sXHqJtj8rbF4kgsL_XHfFnOS1mmv0isxryoExCJNIi8r_Kv7TXM9KulMtMCvpwIoYN_IDxl-wHf0YmXpVxJtFYPSQM_JsVZco4xjqLmQH7lj3AVyUzEHikvG7AEy-N6FatGfEEnaKsu-Vdl70JwShCqZ1BjOY1y5vkEmh\/w640-h638\/Capturar.JPG\" alt=\"\"\/><\/figure>\n\n\n\n<figure class=\"wp-block-image size-large\"><img decoding=\"async\" src=\"https:\/\/blogger.googleusercontent.com\/img\/b\/R29vZ2xl\/AVvXsEi8zyeNOFUR1x4o6vb10WnGgRIO-88kFRL9dK1erZ9RdRg0ziQm2T948bhYBabOUcm286044qgBoynDw2lBXHfEtxpZN-pmVQMquODzC420halk9G2Sk6t9i0780gJzYunUHjp1EaGN2fUMrfjIdsXesHh8-dI5nRiphihB3gNctAfD-wxeZwTpPSqVMEPK\/w628-h640\/Capturarb.JPG\" alt=\"\"\/><\/figure>\n\n\n<div class=\"separator\">Mais um compacto, desta vez com a banda carioca Sangue da Cidade, liderada pelo guitarrista Di Castro, surgida nos anos 70. Fez varios show ao longo dos anos de exist\u00eancia e conseguiu se destacar gra\u00e7as a R\u00e1dio Fluminese FM (a maldita). Teve algumas forma\u00e7\u00f5es e durou por quase uma d\u00e9cada. Seu maior sucesso foi &#8220;Brilhar a minha estrela&#8221;, m\u00fasica de Di Castro,tamb\u00e9m conhecida como &#8220;D\u00e1 mais um&#8221;, e que teve mais de uma grava\u00e7\u00e3o, se n\u00e3o estamos enganados. Aqui neste compacto lan\u00e7ado atrav\u00e9s do selo Elektra\/WEA temos a primeira vers\u00e3o, mas o sucesso do reggae s\u00f3 viria depois, mantendo o mesmo arranjo e os vocais de Vid. Confiram no GTM&#8230;<\/div>\n<div class=\"separator\">\u00a0<\/div>\n<div class=\"separator\">brilhar a minha estrela<\/div>\n<div class=\"separator\">feito louco<\/div>\n<div class=\"separator\">\u00a0<\/div>\n<div class=\"separator\">\u00a0<\/div>\n<div class=\"separator\">.<\/div>","protected":false},"excerpt":{"rendered":"<p>Mais um compacto, desta vez com a banda carioca Sangue da Cidade, liderada pelo guitarrista Di Castro, surgida nos anos 70. Fez varios show ao longo dos anos de exist\u00eancia e conseguiu se destacar gra\u00e7as a R\u00e1dio Fluminese FM (a &hellip; <a href=\"https:\/\/www.toque-musicall.com\/?p=11446\">Continue lendo <span class=\"meta-nav\">&rarr;<\/span><\/a><\/p>\n","protected":false},"author":1,"featured_media":0,"comment_status":"closed","ping_status":"closed","sticky":false,"template":"","format":"standard","meta":{"footnotes":""},"categories":[1],"tags":[3072,6079,6080],"class_list":["post-11446","post","type-post","status-publish","format-standard","hentry","category-sem-categoria","tag-compactos","tag-sangue-da-cidade","tag-selo-elektra"],"_links":{"self":[{"href":"https:\/\/www.toque-musicall.com\/index.php?rest_route=\/wp\/v2\/posts\/11446","targetHints":{"allow":["GET"]}}],"collection":[{"href":"https:\/\/www.toque-musicall.com\/index.php?rest_route=\/wp\/v2\/posts"}],"about":[{"href":"https:\/\/www.toque-musicall.com\/index.php?rest_route=\/wp\/v2\/types\/post"}],"author":[{"embeddable":true,"href":"https:\/\/www.toque-musicall.com\/index.php?rest_route=\/wp\/v2\/users\/1"}],"replies":[{"embeddable":true,"href":"https:\/\/www.toque-musicall.com\/index.php?rest_route=%2Fwp%2Fv2%2Fcomments&post=11446"}],"version-history":[{"count":1,"href":"https:\/\/www.toque-musicall.com\/index.php?rest_route=\/wp\/v2\/posts\/11446\/revisions"}],"predecessor-version":[{"id":11447,"href":"https:\/\/www.toque-musicall.com\/index.php?rest_route=\/wp\/v2\/posts\/11446\/revisions\/11447"}],"wp:attachment":[{"href":"https:\/\/www.toque-musicall.com\/index.php?rest_route=%2Fwp%2Fv2%2Fmedia&parent=11446"}],"wp:term":[{"taxonomy":"category","embeddable":true,"href":"https:\/\/www.toque-musicall.com\/index.php?rest_route=%2Fwp%2Fv2%2Fcategories&post=11446"},{"taxonomy":"post_tag","embeddable":true,"href":"https:\/\/www.toque-musicall.com\/index.php?rest_route=%2Fwp%2Fv2%2Ftags&post=11446"}],"curies":[{"name":"wp","href":"https:\/\/api.w.org\/{rel}","templated":true}]}}