{"id":11452,"date":"2025-09-26T21:03:58","date_gmt":"2025-09-27T00:03:58","guid":{"rendered":"https:\/\/www.toque-musicall.com\/?p=11452"},"modified":"2025-10-12T23:04:25","modified_gmt":"2025-10-13T02:04:25","slug":"os-seis-em-ponto-1964","status":"publish","type":"post","link":"https:\/\/www.toque-musicall.com\/?p=11452","title":{"rendered":"Os Seis Em Ponto (1964)"},"content":{"rendered":"\n<figure class=\"wp-block-image size-large\"><img decoding=\"async\" src=\"https:\/\/blogger.googleusercontent.com\/img\/b\/R29vZ2xl\/AVvXsEggJfugNbvB2ZPXmhSqD-C_GJ67m24NS_2gETNWHj1u9UMvC0eaFWAnQD9bWiPl-yCJbcc0NkS2z3fHwtsXLc2eF-fGdkFZNYCbvzEWTfTNj8tbLosX1bE-z9619wtoWRVZdlLaxiDBrgyDVCErTqUwSS8PKYF3aAXqsshrrL3Mv-8v1-utAiD45d-83I0x\/w634-h640\/Front.jpg\" alt=\"\"\/><\/figure>\n\n\n\n<figure class=\"wp-block-image size-large is-resized\"><img decoding=\"async\" src=\"https:\/\/blogger.googleusercontent.com\/img\/b\/R29vZ2xl\/AVvXsEgLeymcEXQn3ZexpXsXbTx0hGb6zCGibFtmOVcS7a50E51GkAGTbE0KRKqatXx1lUOzU_Iza9xirIS1iqHYtu9OZEooFaYfxajwuDEwY-cSmeMOGG2HlmQeigLun82QFXXb492Vjyyt4yy2JJAbBtEQeRaPUcse7vHy92RkyKl73zo5Xsl09PsWcfczwTjt\/w632-h640\/Back.jpg\" alt=\"\" style=\"width:578px;height:auto\"\/><\/figure>\n\n\n<div class=\"separator\">Vamos hoje de bossa nova em um compacto duplo do grupo Os Seis em Ponto. N\u00e3o por acaso, chegamos a postar o lp, com outras oito m\u00fasicas por duas vezes, o mesmo disco, em 2007 e depois em 2020, isso porque achamos que na segunda postagem ele veio mais completo, tanto em informa\u00e7\u00e3o quando no conte\u00fado do arquivo que voc\u00eas podiam encontrar no Grupo do Toque Musical. Da mesma forma estamos agora trazendo o compacto, que embora tenha quatro das doze can\u00e7\u00f5es do lp, \u00e9 tamb\u00e9m um compacto, que veio antes anunciando o disco de doze polegadas. Al\u00e9m do qu\u00ea, estamos na fase dos compactos e este &#8216;bonitinho&#8217; n\u00e3o poderia ficar de fora. Confiram aqui e se quiserem, procure as postagens anteriores com informa\u00e7\u00f5es mais detalhada desse grupo que, infelizmente, n\u00e3o passou de um lp. Para os que n\u00e3o conhecem, eis aqui a oportunidade&#8230;<\/div>\n<div class=\"separator\">\u00a0<\/div>\n<div class=\"separator\">menino das laranjas<\/div>\n<div class=\"separator\">mar azul<\/div>\n<div class=\"separator\">damba do carioca<\/div>\n<div class=\"separator\">s\u00f3 tinha de ser com voc\u00ea<\/div>\n<div class=\"separator\">\u00a0<\/div>\n<div class=\"separator\">\u00a0<\/div>\n<div class=\"separator\">\u00a0<\/div>\n<div class=\"separator\">.<\/div>\n<p>&nbsp;<\/p>\n<div class=\"separator\">\u00a0<\/div>","protected":false},"excerpt":{"rendered":"<p>Vamos hoje de bossa nova em um compacto duplo do grupo Os Seis em Ponto. N\u00e3o por acaso, chegamos a postar o lp, com outras oito m\u00fasicas por duas vezes, o mesmo disco, em 2007 e depois em 2020, isso &hellip; <a href=\"https:\/\/www.toque-musicall.com\/?p=11452\">Continue lendo <span class=\"meta-nav\">&rarr;<\/span><\/a><\/p>\n","protected":false},"author":1,"featured_media":0,"comment_status":"closed","ping_status":"closed","sticky":false,"template":"","format":"standard","meta":{"footnotes":""},"categories":[1],"tags":[3072,6083,3091],"class_list":["post-11452","post","type-post","status-publish","format-standard","hentry","category-sem-categoria","tag-compactos","tag-os-seis-em-ponto","tag-selo-rge"],"_links":{"self":[{"href":"https:\/\/www.toque-musicall.com\/index.php?rest_route=\/wp\/v2\/posts\/11452","targetHints":{"allow":["GET"]}}],"collection":[{"href":"https:\/\/www.toque-musicall.com\/index.php?rest_route=\/wp\/v2\/posts"}],"about":[{"href":"https:\/\/www.toque-musicall.com\/index.php?rest_route=\/wp\/v2\/types\/post"}],"author":[{"embeddable":true,"href":"https:\/\/www.toque-musicall.com\/index.php?rest_route=\/wp\/v2\/users\/1"}],"replies":[{"embeddable":true,"href":"https:\/\/www.toque-musicall.com\/index.php?rest_route=%2Fwp%2Fv2%2Fcomments&post=11452"}],"version-history":[{"count":1,"href":"https:\/\/www.toque-musicall.com\/index.php?rest_route=\/wp\/v2\/posts\/11452\/revisions"}],"predecessor-version":[{"id":11453,"href":"https:\/\/www.toque-musicall.com\/index.php?rest_route=\/wp\/v2\/posts\/11452\/revisions\/11453"}],"wp:attachment":[{"href":"https:\/\/www.toque-musicall.com\/index.php?rest_route=%2Fwp%2Fv2%2Fmedia&parent=11452"}],"wp:term":[{"taxonomy":"category","embeddable":true,"href":"https:\/\/www.toque-musicall.com\/index.php?rest_route=%2Fwp%2Fv2%2Fcategories&post=11452"},{"taxonomy":"post_tag","embeddable":true,"href":"https:\/\/www.toque-musicall.com\/index.php?rest_route=%2Fwp%2Fv2%2Ftags&post=11452"}],"curies":[{"name":"wp","href":"https:\/\/api.w.org\/{rel}","templated":true}]}}