{"id":11465,"date":"2025-10-01T18:26:57","date_gmt":"2025-10-01T21:26:57","guid":{"rendered":"https:\/\/www.toque-musicall.com\/?p=11465"},"modified":"2025-10-19T18:28:41","modified_gmt":"2025-10-19T21:28:41","slug":"4a-dimensao-o-poco-pelo-qual-se-chega-a-mina-1992","status":"publish","type":"post","link":"https:\/\/www.toque-musicall.com\/?p=11465","title":{"rendered":"4\u00aa Dimens\u00e3o &#8211; O Po\u00e7o Pelo Qual Se Chega \u00c0 Mina (1992)"},"content":{"rendered":"\n<figure class=\"wp-block-image size-large\"><img decoding=\"async\" src=\"https:\/\/blogger.googleusercontent.com\/img\/b\/R29vZ2xl\/AVvXsEhh1wZE6rnH0GTAKOxYjdNHOCwHp9H4r1fVe84EWroj5B3EbTqe5xsd5JZdYd1l8150p75eckn8JN9Z71_6mkOxArX2xRZdm3wE6l1jiLD5vGbbjbHPybr6ciYYajWOLOL9_25DhZtr5dPjFLtrxyjW0NuzXhLne5hI6BJ_-vfVXgExlZrayHMOugdURaMd\/w640-h640\/capturarf.JPG\" alt=\"\"\/><\/figure>\n\n\n\n<figure class=\"wp-block-image size-large\"><img decoding=\"async\" src=\"https:\/\/blogger.googleusercontent.com\/img\/b\/R29vZ2xl\/AVvXsEhMSm5BLQporMLag-BBXgdfKMqlOYiKrFz9M9M-Rkx20LPvBBR_lp8Cpbxg-FjbrdIcdKaGTO3EV5d7S7WydZIN8rtMeXs91URu6jPbcD0JHOrLtmSV6aCv2xy7Q8udw0dGHbVIUZNhEJJaq-ZLTwwmSuLESEIfNiJdwV-5JyaCWtwK7YMLtRL6ZD9SrfvV\/w640-h638\/Capturar.JPG\" alt=\"\"\/><\/figure>\n\n\n<div class=\"separator\">De volta aos lps, retomamos trazendo a banda 4\u00aa Dimens\u00e3o, grupo mineiro formado nos anos 80 na cidade de Caet\u00e9. Atuaram por mais de 15 anos fazendo shows por v\u00e1rias cidades brasileiras e principalmente em Minas. Um trio realmente muito bom, com m\u00fasicas pr\u00f3prias e um dom\u00ednio musical acima de muitas bandas badaladas da \u00e9poca. Curiosamente, n\u00e3o tiveram tanto destaque, isso talvez pelo fato de n\u00e3o terem descido para S\u00e3o Paulo ou Rio de Janeiro, onde poderiam ter tido uma maior proje\u00e7\u00e3o. Gravaram, oficialmente, tr\u00ea lps e ainda um quarto que n\u00e3o chegou a ser lan\u00e7ado no mercado. &#8220;O po\u00e7o pelo qual se chega \u00e0 mina&#8221; foi o terceiro disco e com certeza o mais maduro. Um trabalho que alguns colecionadores e &#8216;crititicos&#8217; m\u00fasicais, talvez ainda n\u00e3o tenham passado os &#8216;zouvidos&#8217;. Talvez, a partir daqui a coisa chegue ao Youtube e os poucos que vemos \u00e0 venda no Mercado Livre\/Discogs dobre de pre\u00e7o, para a alegria de seus vendedores\/especuladores&#8230;<\/div>\n<div class=\"separator\">\u00a0<\/div>\n<div class=\"separator\">jane<\/div>\n<div class=\"separator\">depois de voc\u00ea<\/div>\n<div class=\"separator\">danny<\/div>\n<div class=\"separator\">por seu perd\u00e3o<\/div>\n<div class=\"separator\">acorda bh<\/div>\n<div class=\"separator\">noites de playboy<\/div>\n<div class=\"separator\">prefiro morrer do que te perder<\/div>\n<div class=\"separator\">duelo de amor<\/div>\n<div class=\"separator\">\u00a0<\/div>\n<div class=\"separator\">\u00a0<\/div>\n<div class=\"separator\">\u00a0<\/div>\n<div class=\"separator\">\u00a0<\/div>","protected":false},"excerpt":{"rendered":"<p>De volta aos lps, retomamos trazendo a banda 4\u00aa Dimens\u00e3o, grupo mineiro formado nos anos 80 na cidade de Caet\u00e9. Atuaram por mais de 15 anos fazendo shows por v\u00e1rias cidades brasileiras e principalmente em Minas. Um trio realmente muito &hellip; <a href=\"https:\/\/www.toque-musicall.com\/?p=11465\">Continue lendo <span class=\"meta-nav\">&rarr;<\/span><\/a><\/p>\n","protected":false},"author":1,"featured_media":0,"comment_status":"closed","ping_status":"closed","sticky":false,"template":"","format":"standard","meta":{"footnotes":""},"categories":[1],"tags":[6090,3017],"class_list":["post-11465","post","type-post","status-publish","format-standard","hentry","category-sem-categoria","tag-4a-dimensao","tag-selo-independente"],"_links":{"self":[{"href":"https:\/\/www.toque-musicall.com\/index.php?rest_route=\/wp\/v2\/posts\/11465","targetHints":{"allow":["GET"]}}],"collection":[{"href":"https:\/\/www.toque-musicall.com\/index.php?rest_route=\/wp\/v2\/posts"}],"about":[{"href":"https:\/\/www.toque-musicall.com\/index.php?rest_route=\/wp\/v2\/types\/post"}],"author":[{"embeddable":true,"href":"https:\/\/www.toque-musicall.com\/index.php?rest_route=\/wp\/v2\/users\/1"}],"replies":[{"embeddable":true,"href":"https:\/\/www.toque-musicall.com\/index.php?rest_route=%2Fwp%2Fv2%2Fcomments&post=11465"}],"version-history":[{"count":1,"href":"https:\/\/www.toque-musicall.com\/index.php?rest_route=\/wp\/v2\/posts\/11465\/revisions"}],"predecessor-version":[{"id":11466,"href":"https:\/\/www.toque-musicall.com\/index.php?rest_route=\/wp\/v2\/posts\/11465\/revisions\/11466"}],"wp:attachment":[{"href":"https:\/\/www.toque-musicall.com\/index.php?rest_route=%2Fwp%2Fv2%2Fmedia&parent=11465"}],"wp:term":[{"taxonomy":"category","embeddable":true,"href":"https:\/\/www.toque-musicall.com\/index.php?rest_route=%2Fwp%2Fv2%2Fcategories&post=11465"},{"taxonomy":"post_tag","embeddable":true,"href":"https:\/\/www.toque-musicall.com\/index.php?rest_route=%2Fwp%2Fv2%2Ftags&post=11465"}],"curies":[{"name":"wp","href":"https:\/\/api.w.org\/{rel}","templated":true}]}}