{"id":1147,"date":"2009-07-06T10:03:00","date_gmt":"2009-07-06T10:03:00","guid":{"rendered":"http:\/\/www.toque-musicall.com\/?p=1147"},"modified":"2009-07-06T10:03:00","modified_gmt":"2009-07-06T10:03:00","slug":"gastao-garcia-sax-italiano-1964","status":"publish","type":"post","link":"https:\/\/www.toque-musicall.com\/?p=1147","title":{"rendered":"Gast\u00e3o Garcia &#8211; Sax Italiano (1964)"},"content":{"rendered":"<p><img decoding=\"async\" src=\"http:\/\/3.bp.blogspot.com\/_DSKVEvHtskc\/SlHMSWTmwBI\/AAAAAAAAEjc\/evKspRq18Dc\/s400\/Gast%C3%A3o+Garcia+-+Sax+Italiano+P.JPG\" style=\"display:block; margin:0px auto 10px; text-align:center;cursor:pointer; cursor:hand;width: 395px; height: 400px;\" border=\"0\" alt=\"\" id=\"BLOGGER_PHOTO_ID_5355286047517753362\" \/><img decoding=\"async\" src=\"http:\/\/3.bp.blogspot.com\/_DSKVEvHtskc\/Sn8tK0duanI\/AAAAAAAAFKw\/yxgYe00EY_s\/s200\/Gast%C3%A3o.JPG\" style=\"float:left; margin:0 10px 10px 0;cursor:pointer; cursor:hand;width: 200px; height: 129px;\" border=\"0\" alt=\"\" id=\"BLOGGER_PHOTO_ID_5368058944754182770\" \/>Bom dia! Come\u00e7o a semana trazendo um \u00e1lbum que poucos tiveram, talvez, a oportunidade de ouvir. Um disco raro, cuja as informa\u00e7\u00f5es encontradas na rede se limitam apenas ao pre\u00e7o (120, no m\u00ednimo), fornecido por alguns sebos. N\u00e3o h\u00e1, definitivamente, qualquer outra informa\u00e7\u00e3o, nem mesmo sobre o artista. O jeito ser\u00e1 me pontuar pelas informa\u00e7\u00f5es da pr\u00f3pria capa. No verso encontramos um texto de apresenta\u00e7\u00e3o deste artista. Gast\u00e3o Garcia foi um saxofonista, possivelmente mineiro, que atuava na cidade de Governador Valadares. Tocava em boates e no Esporte Clube Ilus\u00e3o, tradicional clube social da cidade. Gravou este que foi o seu primeiro disco no selo Polydor e pelo texto da contracapa seria uma promessa, um artista para desbundar no mercado fonogr\u00e1fico. Se aconteceu, ningu\u00e9m sabe. Tudo se resume neste lp, cujo o qual nem data de lan\u00e7amento consta. Eu suponho que &#8220;Sax Italiano&#8221; tenha sido lan\u00e7ado no in\u00edcio dos anos 60 ou final dos 50. O repert\u00f3rio, como tudo indica, \u00e9 de m\u00fasicas italianas. Uma sele\u00e7\u00e3o das premiadas no famoso Festival de San Remo, evento anual da m\u00fasica que acontece naquele pa\u00eds desde 1951. As qualidades musicais de Gast\u00e3o Garcia s\u00e3o ineg\u00e1veis. Ele toca seu saxofone com maestria e sem querer comparar, nos faz lembrar o grande Moacyr Silva. Confiram a\u00ed e se poss\u00edvel comentem e complementem esta postagem \ud83d\ude42  Toda informa\u00e7\u00e3o \u00e9 sempre bem vinda \ud83d\ude09<\/p>\n<div><\/div>\n<div style=\"text-align: center;\">al di la<\/div>\n<div style=\"text-align: center;\">piove<\/div>\n<div style=\"text-align: center;\">io sono il vento<\/div>\n<div style=\"text-align: center;\">viale d&#8217;autunno<\/div>\n<div style=\"text-align: center;\">addio&#8230; addio<\/div>\n<div style=\"text-align: center;\">amor, mon amour, my love<\/div>\n<div style=\"text-align: center;\">aprite le finestre<\/div>\n<div style=\"text-align: center;\">romantica<\/div>\n<div style=\"text-align: center;\">tnbo italiano<\/div>\n<div style=\"text-align: center;\">una per tutte<\/div>\n<div style=\"text-align: center;\">nel blu dipinto di blu<\/div>\n<div style=\"text-align: center;\">l&#8217;edera<\/div>\n<div style=\"text-align: center;\"><\/div>\n<div style=\"text-align: center;\"> <\/div>\n","protected":false},"excerpt":{"rendered":"<p>Bom dia! Come\u00e7o a semana trazendo um \u00e1lbum que poucos tiveram, talvez, a oportunidade de ouvir. Um disco raro, cuja as informa\u00e7\u00f5es encontradas na rede se limitam apenas ao pre\u00e7o (120, no m\u00ednimo), fornecido por alguns sebos. N\u00e3o h\u00e1, definitivamente, &hellip; <a href=\"https:\/\/www.toque-musicall.com\/?p=1147\">Continue lendo <span class=\"meta-nav\">&rarr;<\/span><\/a><\/p>\n","protected":false},"author":1,"featured_media":0,"comment_status":"open","ping_status":"closed","sticky":false,"template":"","format":"standard","meta":{"footnotes":""},"categories":[1418],"tags":[],"class_list":["post-1147","post","type-post","status-publish","format-standard","hentry","category-gastao-garcia"],"_links":{"self":[{"href":"https:\/\/www.toque-musicall.com\/index.php?rest_route=\/wp\/v2\/posts\/1147","targetHints":{"allow":["GET"]}}],"collection":[{"href":"https:\/\/www.toque-musicall.com\/index.php?rest_route=\/wp\/v2\/posts"}],"about":[{"href":"https:\/\/www.toque-musicall.com\/index.php?rest_route=\/wp\/v2\/types\/post"}],"author":[{"embeddable":true,"href":"https:\/\/www.toque-musicall.com\/index.php?rest_route=\/wp\/v2\/users\/1"}],"replies":[{"embeddable":true,"href":"https:\/\/www.toque-musicall.com\/index.php?rest_route=%2Fwp%2Fv2%2Fcomments&post=1147"}],"version-history":[{"count":0,"href":"https:\/\/www.toque-musicall.com\/index.php?rest_route=\/wp\/v2\/posts\/1147\/revisions"}],"wp:attachment":[{"href":"https:\/\/www.toque-musicall.com\/index.php?rest_route=%2Fwp%2Fv2%2Fmedia&parent=1147"}],"wp:term":[{"taxonomy":"category","embeddable":true,"href":"https:\/\/www.toque-musicall.com\/index.php?rest_route=%2Fwp%2Fv2%2Fcategories&post=1147"},{"taxonomy":"post_tag","embeddable":true,"href":"https:\/\/www.toque-musicall.com\/index.php?rest_route=%2Fwp%2Fv2%2Ftags&post=1147"}],"curies":[{"name":"wp","href":"https:\/\/api.w.org\/{rel}","templated":true}]}}