{"id":11471,"date":"2025-10-04T18:42:59","date_gmt":"2025-10-04T21:42:59","guid":{"rendered":"https:\/\/www.toque-musicall.com\/?p=11471"},"modified":"2025-10-20T18:44:26","modified_gmt":"2025-10-20T21:44:26","slug":"nestor-campos-and-his-latin-american-orchestra-bolero-mambo-1957","status":"publish","type":"post","link":"https:\/\/www.toque-musicall.com\/?p=11471","title":{"rendered":"Nestor Campos And His Latin American Orchestra &#8211; Bolero Mambo (1957)"},"content":{"rendered":"\n<figure class=\"wp-block-image size-large\"><img decoding=\"async\" src=\"https:\/\/blogger.googleusercontent.com\/img\/b\/R29vZ2xl\/AVvXsEhMbyCeU5XpXSuiypVtWTuCQUxO6e5yAjksTBuyUdw0JksCpE_z3gL-MP8k4JzyHjcCaGBraN-OqzQOM9onjv37INFUKjl76InFaze3lYSvKNopXowinGh9MQ4LQlm5XOm1jidWdvAb423Th8cYw1gu2JdaV5vzw0U9O4WcxRbNxlsKQBwaWgUMyJMegiqN\/w638-h640\/Capturar.JPG\" alt=\"\"\/><\/figure>\n\n\n\n<figure class=\"wp-block-image size-large\"><img decoding=\"async\" src=\"https:\/\/blogger.googleusercontent.com\/img\/b\/R29vZ2xl\/AVvXsEj1TLKfDmN6jir5kDo56FwFQe0cdJ0JPJkwX3XcTqq3McgccaksyeBu4aJz4nM-KcU4EZA7oOQZEukPECew1Hz0p8VklxRL9YieeXMszddLw6b0K-CsVRivgXUzfw4OlOJyBVLEtlA9oJO7HJ5f-Smj1xbbMEtj0VQqJeVQLAGor_jFChMk-LhxoPs2qFH4\/w632-h640\/Capturarb.JPG\" alt=\"\"\/><\/figure>\n\n\n<div class=\"separator\">Atendendo sempre \u00e0 gregos e troianos, hoje temos o grande e internacional instrumentista Nestor Campos. J\u00e1 tivemos o prazer de postar aqui um outro disco dele, ali\u00e1s, o primeiro pela Musidisc. Conforme j\u00e1 havia escrito, nosso saudoso Samuca, um dos maiores guitarristas que o Brasil j\u00e1 teve. Nestor Pereira Campos nasceu em S\u00e3o Luiz do Paraitinga, no bairro dos Caetanos, em 6 de mar\u00e7o de 1920. Em 1934, aos catorze anos de idade, mudou-se com a fam\u00edlia para S\u00e3o Paulo, em busca de melhores oportunidades, e foi l\u00edder de um conjunto que fazia constantes apresenta\u00e7\u00f5es em emissoras de r\u00e1dio paulistas. Em 1943 foi para o Rio de Janeiro, ent\u00e3o capital da Rep\u00fablica, onde profissionalizou-se como m\u00fasico, sendo contratado pela lend\u00e1ria PRE-8, R\u00e1dio Nacional. Nos anos 1960, atuou como m\u00fasico e arranjador de orquestras em Paris, capital da Fran\u00e7a. Gravou v\u00e1rios discos na Europa e comp\u00f4s diversas m\u00fasicas para o cinema franc\u00eas. Em meados da d\u00e9cada de 1970, mudou-se para Portugal, dando continuidade \u00e0 carreira de m\u00fasico. Casou-se e deixou tr\u00eas filhas, vindo a falecer no dia 22 de fevereiro de 1993, em Lisboa.<\/div>\n<div class=\"separator\">Aqui, temos dele um dos primeiros lps de 12 polegadas da Musidisc, lan\u00e7ado em 1957 e no qual ele nos apresenta 10 cl\u00e1ssicos latinos, sucessos que embalaram muitos casais, entre mambos e boleros, que certamente os amigos cultos e ocultos ir\u00e3o lembrar&#8230;<\/div>\n<div class=\"separator\">\u00a0<\/div>\n<div class=\"separator\">el reloj<\/div>\n<div class=\"separator\">el bodeguero<\/div>\n<div class=\"separator\">amor mio<\/div>\n<div class=\"separator\">mambo do panam\u00e1<\/div>\n<div class=\"separator\">la barca<\/div>\n<div class=\"separator\">que murmuren<\/div>\n<div class=\"separator\">esperame en el cielo<\/div>\n<div class=\"separator\">high society<\/div>\n<div class=\"separator\">sabra dios<\/div>\n<div class=\"separator\">mi ultimo fracaso<\/div>\n<div class=\"separator\">\u00a0<\/div>\n<div class=\"separator\">\u00a0<\/div>\n<div class=\"separator\">.<\/div>","protected":false},"excerpt":{"rendered":"<p>Atendendo sempre \u00e0 gregos e troianos, hoje temos o grande e internacional instrumentista Nestor Campos. J\u00e1 tivemos o prazer de postar aqui um outro disco dele, ali\u00e1s, o primeiro pela Musidisc. Conforme j\u00e1 havia escrito, nosso saudoso Samuca, um dos &hellip; <a href=\"https:\/\/www.toque-musicall.com\/?p=11471\">Continue lendo <span class=\"meta-nav\">&rarr;<\/span><\/a><\/p>\n","protected":false},"author":1,"featured_media":0,"comment_status":"closed","ping_status":"closed","sticky":false,"template":"","format":"standard","meta":{"footnotes":""},"categories":[1],"tags":[3933,3514],"class_list":["post-11471","post","type-post","status-publish","format-standard","hentry","category-sem-categoria","tag-nestor-campos","tag-selo-musidisc"],"_links":{"self":[{"href":"https:\/\/www.toque-musicall.com\/index.php?rest_route=\/wp\/v2\/posts\/11471","targetHints":{"allow":["GET"]}}],"collection":[{"href":"https:\/\/www.toque-musicall.com\/index.php?rest_route=\/wp\/v2\/posts"}],"about":[{"href":"https:\/\/www.toque-musicall.com\/index.php?rest_route=\/wp\/v2\/types\/post"}],"author":[{"embeddable":true,"href":"https:\/\/www.toque-musicall.com\/index.php?rest_route=\/wp\/v2\/users\/1"}],"replies":[{"embeddable":true,"href":"https:\/\/www.toque-musicall.com\/index.php?rest_route=%2Fwp%2Fv2%2Fcomments&post=11471"}],"version-history":[{"count":1,"href":"https:\/\/www.toque-musicall.com\/index.php?rest_route=\/wp\/v2\/posts\/11471\/revisions"}],"predecessor-version":[{"id":11472,"href":"https:\/\/www.toque-musicall.com\/index.php?rest_route=\/wp\/v2\/posts\/11471\/revisions\/11472"}],"wp:attachment":[{"href":"https:\/\/www.toque-musicall.com\/index.php?rest_route=%2Fwp%2Fv2%2Fmedia&parent=11471"}],"wp:term":[{"taxonomy":"category","embeddable":true,"href":"https:\/\/www.toque-musicall.com\/index.php?rest_route=%2Fwp%2Fv2%2Fcategories&post=11471"},{"taxonomy":"post_tag","embeddable":true,"href":"https:\/\/www.toque-musicall.com\/index.php?rest_route=%2Fwp%2Fv2%2Ftags&post=11471"}],"curies":[{"name":"wp","href":"https:\/\/api.w.org\/{rel}","templated":true}]}}