{"id":11476,"date":"2025-10-06T18:51:45","date_gmt":"2025-10-06T21:51:45","guid":{"rendered":"https:\/\/www.toque-musicall.com\/?p=11476"},"modified":"2025-10-26T18:53:51","modified_gmt":"2025-10-26T21:53:51","slug":"abel-ferreira-acariciando-1958","status":"publish","type":"post","link":"https:\/\/www.toque-musicall.com\/?p=11476","title":{"rendered":"Abel Ferreira &#8211; Acariciando (1958)"},"content":{"rendered":"\n<figure class=\"wp-block-image size-large\"><img decoding=\"async\" src=\"https:\/\/blogger.googleusercontent.com\/img\/b\/R29vZ2xl\/AVvXsEjHZO8eD4Je1eXP8rf8weL9QQqI0Rr_nIqcXRMGhTH6lRGLjLwrQdT4C61wF2g05KGo9TyKUE2bIPHnHtRHDX7HmWaIDuoEnqYMav97g7b_E4pWrIwxvionB_iqbfAlvRsWCwmaaBGDZvpXbA6QBfiTqKoc9CT44JfF7ewBrKGULu5b_eLqR7pCjI187o7m\/w640-h624\/capture.jpg\" alt=\"\"\/><\/figure>\n\n\n\n<figure class=\"wp-block-image size-large\"><img decoding=\"async\" src=\"https:\/\/blogger.googleusercontent.com\/img\/b\/R29vZ2xl\/AVvXsEh_1XXj2JpkXVotF4t_eRphDPdnPDs51KtVyX0QISSGdt10g_fNbyQ-h6z6nCW8i92jrPdxRssm2bi53Ixi4YPBcCLUEDzxg592BNQdnvIBo-RWiZmS6SIQ5pjoxU0A3HRv49t3HfZ3awBaXCu-znuTUs5fLAVA2RKnuzD-2P7c3LJD_bgEyIRwgFeFG4Ks\/w640-h626\/Capturarb.JPG\" alt=\"\"\/><\/figure>\n\n\n<div class=\"separator\">E aqui temos o grande clarinetista Abel Ferreira em disco lan\u00e7ado pelo selo Todam\u00e9rica, em 1958. Neste lp ele vem acompanhado de seu conjunto e conta tamb\u00e9m com a participa\u00e7\u00e3o de sua filha, V\u00e2nia Ferreira, cantora e compositora que no disco participa de algumas m\u00fasicas, tanto cantando, como tamb\u00e9m como compositora. O repert\u00f3rio contempla ainda outros temas, inclusive internacionais, entre choros, Beguine. fox, samba e at\u00e9 um fado, &#8220;Velho Portugal menino&#8221;, composi\u00e7\u00e3o em parceiria com a filha, Vania. Este lp voltou a ser relan\u00e7ado vinte anos depois pela mesma Todam\u00e9rica j\u00e1 com outra capa..<\/div>\n<div class=\"separator\">\u00a0<\/div>\n<div class=\"separator\">acariciando<\/div>\n<div class=\"separator\">luar de caxambu<\/div>\n<div class=\"separator\">orqu\u00eddeas ao luar<\/div>\n<div class=\"separator\">suspense<\/div>\n<div class=\"separator\">velho portugal menino<\/div>\n<div class=\"separator\">constantemente<\/div>\n<div class=\"separator\">deep purple<\/div>\n<div class=\"separator\">um brasileiro em hollywood<\/div>\n<div class=\"separator\">sonho negro<\/div>\n<div class=\"separator\">melancolia<\/div>\n<div class=\"separator\">beijinho na orelha<\/div>\n<div class=\"separator\">o que passou passou<\/div>\n<div class=\"separator\">\u00a0<\/div>\n<div class=\"separator\">\u00a0<\/div>\n<div class=\"separator\">.<\/div>","protected":false},"excerpt":{"rendered":"<p>E aqui temos o grande clarinetista Abel Ferreira em disco lan\u00e7ado pelo selo Todam\u00e9rica, em 1958. Neste lp ele vem acompanhado de seu conjunto e conta tamb\u00e9m com a participa\u00e7\u00e3o de sua filha, V\u00e2nia Ferreira, cantora e compositora que no &hellip; <a href=\"https:\/\/www.toque-musicall.com\/?p=11476\">Continue lendo <span class=\"meta-nav\">&rarr;<\/span><\/a><\/p>\n","protected":false},"author":1,"featured_media":0,"comment_status":"closed","ping_status":"closed","sticky":false,"template":"","format":"standard","meta":{"footnotes":""},"categories":[1],"tags":[3795,4752],"class_list":["post-11476","post","type-post","status-publish","format-standard","hentry","category-sem-categoria","tag-abel-ferreira","tag-selo-todamerica"],"_links":{"self":[{"href":"https:\/\/www.toque-musicall.com\/index.php?rest_route=\/wp\/v2\/posts\/11476","targetHints":{"allow":["GET"]}}],"collection":[{"href":"https:\/\/www.toque-musicall.com\/index.php?rest_route=\/wp\/v2\/posts"}],"about":[{"href":"https:\/\/www.toque-musicall.com\/index.php?rest_route=\/wp\/v2\/types\/post"}],"author":[{"embeddable":true,"href":"https:\/\/www.toque-musicall.com\/index.php?rest_route=\/wp\/v2\/users\/1"}],"replies":[{"embeddable":true,"href":"https:\/\/www.toque-musicall.com\/index.php?rest_route=%2Fwp%2Fv2%2Fcomments&post=11476"}],"version-history":[{"count":1,"href":"https:\/\/www.toque-musicall.com\/index.php?rest_route=\/wp\/v2\/posts\/11476\/revisions"}],"predecessor-version":[{"id":11477,"href":"https:\/\/www.toque-musicall.com\/index.php?rest_route=\/wp\/v2\/posts\/11476\/revisions\/11477"}],"wp:attachment":[{"href":"https:\/\/www.toque-musicall.com\/index.php?rest_route=%2Fwp%2Fv2%2Fmedia&parent=11476"}],"wp:term":[{"taxonomy":"category","embeddable":true,"href":"https:\/\/www.toque-musicall.com\/index.php?rest_route=%2Fwp%2Fv2%2Fcategories&post=11476"},{"taxonomy":"post_tag","embeddable":true,"href":"https:\/\/www.toque-musicall.com\/index.php?rest_route=%2Fwp%2Fv2%2Ftags&post=11476"}],"curies":[{"name":"wp","href":"https:\/\/api.w.org\/{rel}","templated":true}]}}