{"id":1148,"date":"2009-07-05T19:29:00","date_gmt":"2009-07-05T19:29:00","guid":{"rendered":"http:\/\/www.toque-musicall.com\/?p=1148"},"modified":"2009-07-05T19:29:00","modified_gmt":"2009-07-05T19:29:00","slug":"roberto-luna-luna-canta-para-voce-1959","status":"publish","type":"post","link":"https:\/\/www.toque-musicall.com\/?p=1148","title":{"rendered":"Roberto Luna &#8211; Luna Canta Para Voc\u00ea (1959)"},"content":{"rendered":"<p><a href=\"http:\/\/1.bp.blogspot.com\/_DSKVEvHtskc\/SlD_iXLhf_I\/AAAAAAAAEiY\/bmL_c8XqDgI\/s1600-h\/roberto+luna+P.JPG\"><img decoding=\"async\" style=\"display:block; margin:0px auto 10px; text-align:center;cursor:pointer; cursor:hand;width: 400px; height: 399px;\" src=\"http:\/\/1.bp.blogspot.com\/_DSKVEvHtskc\/SlD_iXLhf_I\/AAAAAAAAEiY\/bmL_c8XqDgI\/s400\/roberto+luna+P.JPG\" border=\"0\" alt=\"\" id=\"BLOGGER_PHOTO_ID_5355060922746503154\" \/><\/a>&#8230;E porque hoje \u00e9 domingo, vamos de volta ao t\u00fanel do tempo. Desta vez trazendo o cantor Roberto <span>Luna<\/span>. H\u00e1 algum tempo atr\u00e1s um de nossos visitantes mencionou este artista, sugerindo uma <span>postagem<\/span>. Eis que finalmente chegou a vez. <\/p>\n<div><span>Luna<\/span> nasceu Valdemar <span>Farias<\/span>, em 1929 na Para\u00edba. Come\u00e7ou a carreira art\u00edstica no no final dos anos 40 como &#8216;<span>crooner<\/span>&#8216; de orquestra, cantando em boates, clubes e em seguida no r\u00e1dio. Gravou seu <span>primeiro<\/span> disco em 52 pelo selo <span>Star<\/span>, passando pela <span>Copacabana<\/span> e <span>Odeon<\/span>. Em 58 assinou com a <span>RGE<\/span> onde gravou v\u00e1rias bolachas de 78 <span>rpm<\/span>. &#8220;<span>Luna<\/span> canta para voc\u00ea&#8221; foi seu primeiro <span>lp<\/span>, lan\u00e7ado em 1959, reunindo entre outras, grava\u00e7\u00f5es dos discos anteriores pela <span>RGE<\/span>. Continuou gravando discos at\u00e9 o in\u00edcio dos anos 70, depois parou de vez, se dedicando apenas a apresenta\u00e7\u00f5es. Contam que parte de sua discografia chegou a ser relan\u00e7ada em <span>cd<\/span>. Eu confesso que nunca vi nada al\u00e9m de <span>colet\u00e2neas<\/span>. Este \u00e1lbum \u00e9 talvez um de seus melhores discos. Tem um repert\u00f3rio fino que inclui por exemplo Vinicius de <span>Moraes<\/span>, Tom <span>Jobim<\/span> e Dolores <span>Duran<\/span>. Confiram a\u00ed&#8230;<\/div>\n<div><\/div>\n<div style=\"text-align: center;\">o rel\u00f3gio<\/div>\n<div style=\"text-align: center;\">serenata do adeus<\/div>\n<div style=\"text-align: center;\">tempo ser\u00e1<\/div>\n<div style=\"text-align: center;\">tuas cartas<\/div>\n<div style=\"text-align: center;\">por onde andar\u00e3o os teus olhos<\/div>\n<div style=\"text-align: center;\">bom caf\u00e9<\/div>\n<div style=\"text-align: center;\">c\u00e9u<\/div>\n<div style=\"text-align: center;\">soneto da felicidade<\/div>\n<div style=\"text-align: center;\">chovia<\/div>\n<div style=\"text-align: center;\">estrada branca<\/div>\n<div style=\"text-align: center;\">castigo<\/div>\n<div style=\"text-align: center;\">o c\u00e9u perdoa<\/div>\n<div style=\"text-align: center;\"><\/div>\n<div style=\"text-align: center;\"><\/div>\n","protected":false},"excerpt":{"rendered":"<p>&#8230;E porque hoje \u00e9 domingo, vamos de volta ao t\u00fanel do tempo. Desta vez trazendo o cantor Roberto Luna. H\u00e1 algum tempo atr\u00e1s um de nossos visitantes mencionou este artista, sugerindo uma postagem. Eis que finalmente chegou a vez. Luna &hellip; <a href=\"https:\/\/www.toque-musicall.com\/?p=1148\">Continue lendo <span class=\"meta-nav\">&rarr;<\/span><\/a><\/p>\n","protected":false},"author":1,"featured_media":0,"comment_status":"open","ping_status":"closed","sticky":false,"template":"","format":"standard","meta":{"footnotes":""},"categories":[744],"tags":[],"class_list":["post-1148","post","type-post","status-publish","format-standard","hentry","category-roberto-luna"],"_links":{"self":[{"href":"https:\/\/www.toque-musicall.com\/index.php?rest_route=\/wp\/v2\/posts\/1148","targetHints":{"allow":["GET"]}}],"collection":[{"href":"https:\/\/www.toque-musicall.com\/index.php?rest_route=\/wp\/v2\/posts"}],"about":[{"href":"https:\/\/www.toque-musicall.com\/index.php?rest_route=\/wp\/v2\/types\/post"}],"author":[{"embeddable":true,"href":"https:\/\/www.toque-musicall.com\/index.php?rest_route=\/wp\/v2\/users\/1"}],"replies":[{"embeddable":true,"href":"https:\/\/www.toque-musicall.com\/index.php?rest_route=%2Fwp%2Fv2%2Fcomments&post=1148"}],"version-history":[{"count":0,"href":"https:\/\/www.toque-musicall.com\/index.php?rest_route=\/wp\/v2\/posts\/1148\/revisions"}],"wp:attachment":[{"href":"https:\/\/www.toque-musicall.com\/index.php?rest_route=%2Fwp%2Fv2%2Fmedia&parent=1148"}],"wp:term":[{"taxonomy":"category","embeddable":true,"href":"https:\/\/www.toque-musicall.com\/index.php?rest_route=%2Fwp%2Fv2%2Fcategories&post=1148"},{"taxonomy":"post_tag","embeddable":true,"href":"https:\/\/www.toque-musicall.com\/index.php?rest_route=%2Fwp%2Fv2%2Ftags&post=1148"}],"curies":[{"name":"wp","href":"https:\/\/api.w.org\/{rel}","templated":true}]}}