{"id":1150,"date":"2009-07-03T09:55:00","date_gmt":"2009-07-03T09:55:00","guid":{"rendered":"http:\/\/www.toque-musicall.com\/?p=1150"},"modified":"2009-07-03T09:55:00","modified_gmt":"2009-07-03T09:55:00","slug":"luiz-celso-jorge-murad-bens-1986","status":"publish","type":"post","link":"https:\/\/www.toque-musicall.com\/?p=1150","title":{"rendered":"Luiz Celso &#038; Jorge Murad &#8211; Bens (1986)"},"content":{"rendered":"<p><a href=\"http:\/\/3.bp.blogspot.com\/_DSKVEvHtskc\/Sk3g7TpCLzI\/AAAAAAAAEiI\/n8svBHGJ0nM\/s1600-h\/luiz+e+jorge+P.JPG\"><img decoding=\"async\" style=\"display:block; margin:0px auto 10px; text-align:center;cursor:pointer; cursor:hand;width: 396px; height: 400px;\" src=\"http:\/\/3.bp.blogspot.com\/_DSKVEvHtskc\/Sk3g7TpCLzI\/AAAAAAAAEiI\/n8svBHGJ0nM\/s400\/luiz+e+jorge+P.JPG\" border=\"0\" alt=\"\" id=\"BLOGGER_PHOTO_ID_5354182841502674738\" \/><\/a>Bom dia a todos! Antes que a semana acabe e para n\u00e3o dizer que n\u00e3o falei de flores, tenho aqui um mineirinho independente. Embora tenhamos ficado sem postagens na semana passada para os artistas independentes, n\u00e3o quer dizer que a id\u00e9ia acabou. Continuamos trazendo aqui, antigos ou novos artistas que buscam outros caminhos para chegarem ao disco.<\/p>\n<div>Desta vez temos a dupla Luiz Celso e Jorge Murad. Desses dois eu n\u00e3o sei muita coisa al\u00e9m do que temos no encarte do lp. S\u00e3o m\u00fasicos mineiros, possivelmente da cidade de Itajub\u00e1. O disco foi produzido pelo Diret\u00f3rio Acad\u00eamico da AFEI, com apoio do Banco de Desenvolvimento de Minas Gerais. Foi gravado no Est\u00fadio Bemol, sob os cuidados do Dirceu Cheib, no in\u00edcio de 1986. Luiz e Jorge conseguiram lan\u00e7ar este \u00e1lbum, tamb\u00e9m gra\u00e7as ao projeto de constru\u00e7\u00e3o do Centro Cultural de Itajub\u00e1. O dinheiro arrecadado com a venda deste disco seria o de juntar recursos para as obras desse espa\u00e7o. N\u00e3o sei dizer se o Centro Cultural chegou \u00e0s vias de fato. O certo, e o que nos interessa mais, \u00e9 que o disco \u00e9 muito bom. Bem acima da m\u00e9dia de muita coisa independente feita naquela \u00e9poca. Um \u00e1lbum ac\u00fastico, singelo e extremamente agrad\u00e1vel. Letras e m\u00fasicas bem compostas. Coisa bem de mineiro. Me faz lembrar entre outros o grupo Boca Livre, Burnier &#038; Cartier ou ainda a dupla Alberto Rosenblit &#038; M\u00e1rio Adnet. Confiram&#8230;<\/div>\n<div><\/div>\n<div style=\"text-align: center;\">bens<\/div>\n<div style=\"text-align: center;\">estrada de terra<\/div>\n<div style=\"text-align: center;\">ventos de maio<\/div>\n<div style=\"text-align: center;\">claro<\/div>\n<div style=\"text-align: center;\">de volta \u00e0s galerias<\/div>\n<div style=\"text-align: center;\">amanheceu<\/div>\n<div style=\"text-align: center;\">velha esta\u00e7\u00e3o<\/div>\n<div style=\"text-align: center;\">recado<\/div>\n<div style=\"text-align: center;\">canto forte<\/div>\n<div style=\"text-align: center;\">saudades de minas<\/div>\n<div style=\"text-align: center;\">banan\u00edadas<\/div>\n<div style=\"text-align: center;\">m\u00e1rio<\/div>\n<div style=\"text-align: center;\"><\/div>\n<div style=\"text-align: center;\"><\/div>\n","protected":false},"excerpt":{"rendered":"<p>Bom dia a todos! Antes que a semana acabe e para n\u00e3o dizer que n\u00e3o falei de flores, tenho aqui um mineirinho independente. Embora tenhamos ficado sem postagens na semana passada para os artistas independentes, n\u00e3o quer dizer que a &hellip; <a href=\"https:\/\/www.toque-musicall.com\/?p=1150\">Continue lendo <span class=\"meta-nav\">&rarr;<\/span><\/a><\/p>\n","protected":false},"author":1,"featured_media":0,"comment_status":"open","ping_status":"closed","sticky":false,"template":"","format":"standard","meta":{"footnotes":""},"categories":[1420],"tags":[],"class_list":["post-1150","post","type-post","status-publish","format-standard","hentry","category-luiz-celso-e-jorge-murad"],"_links":{"self":[{"href":"https:\/\/www.toque-musicall.com\/index.php?rest_route=\/wp\/v2\/posts\/1150","targetHints":{"allow":["GET"]}}],"collection":[{"href":"https:\/\/www.toque-musicall.com\/index.php?rest_route=\/wp\/v2\/posts"}],"about":[{"href":"https:\/\/www.toque-musicall.com\/index.php?rest_route=\/wp\/v2\/types\/post"}],"author":[{"embeddable":true,"href":"https:\/\/www.toque-musicall.com\/index.php?rest_route=\/wp\/v2\/users\/1"}],"replies":[{"embeddable":true,"href":"https:\/\/www.toque-musicall.com\/index.php?rest_route=%2Fwp%2Fv2%2Fcomments&post=1150"}],"version-history":[{"count":0,"href":"https:\/\/www.toque-musicall.com\/index.php?rest_route=\/wp\/v2\/posts\/1150\/revisions"}],"wp:attachment":[{"href":"https:\/\/www.toque-musicall.com\/index.php?rest_route=%2Fwp%2Fv2%2Fmedia&parent=1150"}],"wp:term":[{"taxonomy":"category","embeddable":true,"href":"https:\/\/www.toque-musicall.com\/index.php?rest_route=%2Fwp%2Fv2%2Fcategories&post=1150"},{"taxonomy":"post_tag","embeddable":true,"href":"https:\/\/www.toque-musicall.com\/index.php?rest_route=%2Fwp%2Fv2%2Ftags&post=1150"}],"curies":[{"name":"wp","href":"https:\/\/api.w.org\/{rel}","templated":true}]}}