{"id":11500,"date":"2025-10-19T21:09:11","date_gmt":"2025-10-20T00:09:11","guid":{"rendered":"https:\/\/www.toque-musicall.com\/?p=11500"},"modified":"2025-11-09T21:10:52","modified_gmt":"2025-11-10T00:10:52","slug":"miranda-e-seu-conjunto-salerosa-1963","status":"publish","type":"post","link":"https:\/\/www.toque-musicall.com\/?p=11500","title":{"rendered":"Miranda E Seu Conjunto &#8211; Salerosa (1963)"},"content":{"rendered":"\n<figure class=\"wp-block-image size-large\"><img decoding=\"async\" src=\"https:\/\/blogger.googleusercontent.com\/img\/b\/R29vZ2xl\/AVvXsEiy4ukvhvMtc2yLE3Yk75Gz8OhVwl8GQ4Nlabu95kPoIW2KH-tIY2B_6H3qbr3SwvzzuWs7yYM0WwFQJmsYdPI5AaR2ZPYtHsRsd5X-BSXv9eV9VUaVE2HALJ6WfvhT1q8CR5JKGexrAPPUf51lQSAQqQoI6o_WLFEyRE8l4Wmrhyphenhyphen8IZN7hdlsKJL3CSTAm\/w620-h640\/Capturar.JPG\" alt=\"\"\/><\/figure>\n\n\n\n<figure class=\"wp-block-image size-large\"><img decoding=\"async\" src=\"https:\/\/blogger.googleusercontent.com\/img\/b\/R29vZ2xl\/AVvXsEhUb6kSmIeKOFJQ84ZPYDdfekf0gOfuoovYHdmR3g0FTp35uw7p4_zzyx3r2j0YQCfqjk4k5EbKFIeqieTdsNKycIxw3gEQwGDQrEj2x5oniUwB0Je_awdLcwx6njHnhKAZH6zBJ6X_qBdu3dPaAY2s2TuiOqrIVtj6r1Td4Ed3-NF4sspWAKta1OCug2VI\/w614-h640\/Capturarb.JPG\" alt=\"\"\/><\/figure>\n\n\n<div class=\"separator\">Trazemos hoje &#8220;Salerosa&#8221;, produ\u00e7\u00e3o da gravadora Chantecler, com Miranda e seu conjunto. Um lp instrumental trazendo um repert\u00f3rio de cl\u00e1ssicos da m\u00fasica latinoamericana. Antonio Miranda Netto foi um m\u00fasico que dominava bem diferentes instrumentos de cordas. Iniciou nos anos 40 e tocou no conjunto de Poly. Aqui ele aparece neste que foi o primeiro disco e ao lado de um conjunto, tocando guitarra el\u00e9trica.<\/div>\n<div class=\"separator\">\u00a0<\/div>\n<div class=\"separator\">saleros<\/div>\n<div class=\"separator\">frenesi<\/div>\n<div class=\"separator\">taboo<\/div>\n<div class=\"separator\">para vigo me voy<\/div>\n<div class=\"separator\">coubanakan<\/div>\n<div class=\"separator\">quem \u00e9 que n\u00e3o sente<\/div>\n<div class=\"separator\">en un bote de vela<\/div>\n<div class=\"separator\">cumana<\/div>\n<div class=\"separator\">aqullos ojos verdes<\/div>\n<div class=\"separator\">cha cha\u00a0 sula<\/div>\n<div class=\"separator\">el cumbanchero<\/div>\n<div class=\"separator\">pa-ran-pan-pan<\/div>\n<div class=\"separator\">\u00a0<\/div>\n<div class=\"separator\">\u00a0<\/div>\n<div class=\"separator\">.<\/div>\n<p>&nbsp;<\/p>","protected":false},"excerpt":{"rendered":"<p>Trazemos hoje &#8220;Salerosa&#8221;, produ\u00e7\u00e3o da gravadora Chantecler, com Miranda e seu conjunto. Um lp instrumental trazendo um repert\u00f3rio de cl\u00e1ssicos da m\u00fasica latinoamericana. Antonio Miranda Netto foi um m\u00fasico que dominava bem diferentes instrumentos de cordas. Iniciou nos anos 40 &hellip; <a href=\"https:\/\/www.toque-musicall.com\/?p=11500\">Continue lendo <span class=\"meta-nav\">&rarr;<\/span><\/a><\/p>\n","protected":false},"author":1,"featured_media":0,"comment_status":"closed","ping_status":"closed","sticky":false,"template":"","format":"standard","meta":{"footnotes":""},"categories":[1],"tags":[],"class_list":["post-11500","post","type-post","status-publish","format-standard","hentry","category-sem-categoria"],"_links":{"self":[{"href":"https:\/\/www.toque-musicall.com\/index.php?rest_route=\/wp\/v2\/posts\/11500","targetHints":{"allow":["GET"]}}],"collection":[{"href":"https:\/\/www.toque-musicall.com\/index.php?rest_route=\/wp\/v2\/posts"}],"about":[{"href":"https:\/\/www.toque-musicall.com\/index.php?rest_route=\/wp\/v2\/types\/post"}],"author":[{"embeddable":true,"href":"https:\/\/www.toque-musicall.com\/index.php?rest_route=\/wp\/v2\/users\/1"}],"replies":[{"embeddable":true,"href":"https:\/\/www.toque-musicall.com\/index.php?rest_route=%2Fwp%2Fv2%2Fcomments&post=11500"}],"version-history":[{"count":1,"href":"https:\/\/www.toque-musicall.com\/index.php?rest_route=\/wp\/v2\/posts\/11500\/revisions"}],"predecessor-version":[{"id":11501,"href":"https:\/\/www.toque-musicall.com\/index.php?rest_route=\/wp\/v2\/posts\/11500\/revisions\/11501"}],"wp:attachment":[{"href":"https:\/\/www.toque-musicall.com\/index.php?rest_route=%2Fwp%2Fv2%2Fmedia&parent=11500"}],"wp:term":[{"taxonomy":"category","embeddable":true,"href":"https:\/\/www.toque-musicall.com\/index.php?rest_route=%2Fwp%2Fv2%2Fcategories&post=11500"},{"taxonomy":"post_tag","embeddable":true,"href":"https:\/\/www.toque-musicall.com\/index.php?rest_route=%2Fwp%2Fv2%2Ftags&post=11500"}],"curies":[{"name":"wp","href":"https:\/\/api.w.org\/{rel}","templated":true}]}}