{"id":11507,"date":"2025-10-21T08:36:26","date_gmt":"2025-10-21T11:36:26","guid":{"rendered":"https:\/\/www.toque-musicall.com\/?p=11507"},"modified":"2025-11-16T08:37:08","modified_gmt":"2025-11-16T11:37:08","slug":"globo-rural-1981","status":"publish","type":"post","link":"https:\/\/www.toque-musicall.com\/?p=11507","title":{"rendered":"Globo Rural (1981)"},"content":{"rendered":"\n<figure class=\"wp-block-image size-large\"><img decoding=\"async\" src=\"https:\/\/blogger.googleusercontent.com\/img\/b\/R29vZ2xl\/AVvXsEinorcU_49H7NaHuLM7KwX-NquTuf71lZMBf9fcVeJ8UXbU_ZS7B_OFQ6DE6dde8_3eqqYcV-Vm_DDTMPZBwvC2ACj5NmOGRvS7VLy-J72v_4Funv8XAhztUcpN6sFzstwAVobCwqeYDrtt7_Vw209I46UkouX-UACAuOE2iMIzz2fGTinn7jBGzdxZcC10\/w638-h640\/Capturar.JPG\" alt=\"\"\/><\/figure>\n\n\n\n<figure class=\"wp-block-image size-large\"><img decoding=\"async\" src=\"https:\/\/blogger.googleusercontent.com\/img\/b\/R29vZ2xl\/AVvXsEjGyfFTTvUt6RiFxa3bVTpUIIlWh6v-bJBfWi8oEp4v_hJ5W2N7FsmuTtNlTahbFiukl856LtNwuMFj0adhrtf9tPFKW50la4sF62KhmXJlmjZSDuSr8xbUeYT7ZJ-25axZRNhJ2kQ6zjORJFMdgD8wvKln-gDzV77NHJ__z6Xzlt1qRHp9gIQvYjv52ke1\/w640-h636\/Capturarb.JPG\" alt=\"\"\/><\/figure>\n\n\n<div class=\"separator\">Vamos pra ro\u00e7a, vamos para o Globo Rural. Est\u00e1 aqui um disco interessante lan\u00e7ado pela Som Livre, em 1981.Uma sele\u00e7\u00e3o musical rural, sertaneja, ainda do tempo em que o sert\u00e3o s\u00f3 importava m\u00fasica mexicana e paraguaia. Mas ainda assim, aut\u00eantico e ing\u00eanua. Hoje a treta \u00e9 outra, \u00e9 agro!<\/div>\n<div class=\"separator\">Mas, enfim, temos neste disco 12 m\u00fasicas e duplas muito bem selecionadas naquele in\u00edcio dos anos 80. Coisa que s\u00f3 seria poss\u00edvel mesmo em um lp como este, de colet\u00e2nea, trilhas para o famoso programa da emissora, um telejornal das manh\u00e3s de domingo e voltado para o campo. Da\u00ed, m\u00fasica rural&#8230;<\/div>\n<div class=\"separator\">\u00a0<\/div>\n<div class=\"separator\">\u00a0<\/div>\n<div class=\"separator\">solid\u00e3o &#8211; lucas e espanhol<\/div>\n<div class=\"separator\">sonho maldito &#8211; juliano e jardel<\/div>\n<div class=\"separator\">passaporte para o asilo &#8211; leo canho e robertinho<\/div>\n<div class=\"separator\">menina tenta\u00e7\u00e3o &#8211; reberto e meirinho<\/div>\n<div class=\"separator\">eu sigo o caminho dela &#8211; z\u00e9 do rancho e z\u00e9 do pinho<\/div>\n<div class=\"separator\">se voc\u00ea me deixar &#8211; pery e poty<\/div>\n<div class=\"separator\">cora\u00e7\u00e3o que d\u00f3i e d\u00f3i &#8211; solevante e soleny<\/div>\n<div class=\"separator\">fofinha &#8211; leo canhoto e robertinho<\/div>\n<div class=\"separator\">sorriso mudo &#8211; atleta e treinador<\/div>\n<div class=\"separator\">teus olhos me dir\u00e3o &#8211; zum e zim<\/div>\n<div class=\"separator\">berrante misterioso &#8211; silveira e silveirinha<\/div>\n<div class=\"separator\">fusc\u00e3o preto &#8211; z\u00e9 tapera e teodoro<\/div>\n<div class=\"separator\">\u00a0<\/div>\n<div class=\"separator\">\u00a0<\/div>","protected":false},"excerpt":{"rendered":"<p>Vamos pra ro\u00e7a, vamos para o Globo Rural. Est\u00e1 aqui um disco interessante lan\u00e7ado pela Som Livre, em 1981.Uma sele\u00e7\u00e3o musical rural, sertaneja, ainda do tempo em que o sert\u00e3o s\u00f3 importava m\u00fasica mexicana e paraguaia. Mas ainda assim, aut\u00eantico &hellip; <a href=\"https:\/\/www.toque-musicall.com\/?p=11507\">Continue lendo <span class=\"meta-nav\">&rarr;<\/span><\/a><\/p>\n","protected":false},"author":1,"featured_media":0,"comment_status":"closed","ping_status":"closed","sticky":false,"template":"","format":"standard","meta":{"footnotes":""},"categories":[1],"tags":[6103,3037],"class_list":["post-11507","post","type-post","status-publish","format-standard","hentry","category-sem-categoria","tag-globo-rural","tag-selo-som-livre"],"_links":{"self":[{"href":"https:\/\/www.toque-musicall.com\/index.php?rest_route=\/wp\/v2\/posts\/11507","targetHints":{"allow":["GET"]}}],"collection":[{"href":"https:\/\/www.toque-musicall.com\/index.php?rest_route=\/wp\/v2\/posts"}],"about":[{"href":"https:\/\/www.toque-musicall.com\/index.php?rest_route=\/wp\/v2\/types\/post"}],"author":[{"embeddable":true,"href":"https:\/\/www.toque-musicall.com\/index.php?rest_route=\/wp\/v2\/users\/1"}],"replies":[{"embeddable":true,"href":"https:\/\/www.toque-musicall.com\/index.php?rest_route=%2Fwp%2Fv2%2Fcomments&post=11507"}],"version-history":[{"count":1,"href":"https:\/\/www.toque-musicall.com\/index.php?rest_route=\/wp\/v2\/posts\/11507\/revisions"}],"predecessor-version":[{"id":11508,"href":"https:\/\/www.toque-musicall.com\/index.php?rest_route=\/wp\/v2\/posts\/11507\/revisions\/11508"}],"wp:attachment":[{"href":"https:\/\/www.toque-musicall.com\/index.php?rest_route=%2Fwp%2Fv2%2Fmedia&parent=11507"}],"wp:term":[{"taxonomy":"category","embeddable":true,"href":"https:\/\/www.toque-musicall.com\/index.php?rest_route=%2Fwp%2Fv2%2Fcategories&post=11507"},{"taxonomy":"post_tag","embeddable":true,"href":"https:\/\/www.toque-musicall.com\/index.php?rest_route=%2Fwp%2Fv2%2Ftags&post=11507"}],"curies":[{"name":"wp","href":"https:\/\/api.w.org\/{rel}","templated":true}]}}