{"id":11513,"date":"2025-10-24T10:55:21","date_gmt":"2025-10-24T13:55:21","guid":{"rendered":"https:\/\/www.toque-musicall.com\/?p=11513"},"modified":"2025-11-23T10:57:39","modified_gmt":"2025-11-23T13:57:39","slug":"ibere-gomes-grosso-homenagem-1980","status":"publish","type":"post","link":"https:\/\/www.toque-musicall.com\/?p=11513","title":{"rendered":"Iber\u00ea Gomes Grosso &#8211; Homenagem (1980)"},"content":{"rendered":"\n<figure class=\"wp-block-image size-large\"><img decoding=\"async\" src=\"https:\/\/blogger.googleusercontent.com\/img\/b\/R29vZ2xl\/AVvXsEgGRLmMknV-MML6R5Yzbs1PUEAnY4nlFLEPOZ4a3RFMbA1MxMwP6mFNgBIOf3dLnZESxAv6K6Vy9LuxqnTrU7HjiOCdnuALELWPjqBCtMWZy-zkaGRICcm8QNxwIEQOP-xIm1MPHtXiGO0BFtLPWYuuOfXdYK8_8qcxODKpWaDLeAhzFtNDYwkbkF8QOZge\/w640-h632\/Capturar.JPG\" alt=\"\"\/><\/figure>\n\n\n\n<figure class=\"wp-block-image size-large\"><img decoding=\"async\" src=\"https:\/\/blogger.googleusercontent.com\/img\/b\/R29vZ2xl\/AVvXsEh90681EXPiJtFYDQLow3BAZZp-mh_QVfvu1yO7K6NNbGnqq0u-4BnpTXD2MhkBbrMKuV4mAzrpJHxilOh4PFR_o_Z9NdymGrdvtptF2aN04E08Ca4-IwyJOD1BuiaBUt4D1NQOjiyCQkoL_ZwVoV4mo0tPWHuvATc_lb5E_qeJNrBPP7UDFFlNAOlfrwpE\/w640-h636\/Capturarb.JPG\" alt=\"\"\/><\/figure>\n\n\n<div class=\"separator\">Ainda dentro do cen\u00e1rio da m\u00fasica erudita, temos hoje a presen\u00e7a de Iber\u00ea Gomes Grosso, um dos mais importantes violoncelistas brasileiro. Tamb\u00e9m professor que formou in\u00fameros outros grandes m\u00fasicos brasileiros. \u00c9 amplamente considerando um dos principais celista brasileiro, reconhecido internacionalmente. Neste lp, uma homenagem, como o pr\u00f3prio t\u00edtulo do disco j\u00e1 nos indica, temos do lado A, o solista interpretando Radam\u00e9s Gnatalli e Bruno Kiefer. No lado B a homenagem, atrav\u00e9s\u00a0 de seus ex-alunos interpretando obras que por ele foram executadas e gravadas. \u00c9, sem d\u00favida, um disco que agrada mesmo a quem n\u00e3o \u00e9 muito f\u00e3 de m\u00fasica erudita. Vale a pena ouvir e conhecer&#8230;\u00a0<\/div>\n<div class=\"separator\">\u00a0<\/div>\n<div class=\"separator\">allegretto c\u00f4modo<\/div>\n<div class=\"separator\">ad\u00e1gio<\/div>\n<div class=\"separator\">con spirito<\/div>\n<div class=\"separator\">err\u00e2ncia<\/div>\n<div class=\"separator\">valsa seresteira<\/div>\n<div class=\"separator\">choro<\/div>\n<div class=\"separator\">ponteio<\/div>\n<div class=\"separator\">dan\u00e7a<\/div>\n<div class=\"separator\">introdu\u00e7\u00e3o a dan\u00e7a<\/div>\n<div class=\"separator\">\u00a0<\/div>\n<div class=\"separator\">\u00a0<\/div>\n<div class=\"separator\">.<\/div>\n<div class=\"separator\">\u00a0<\/div>","protected":false},"excerpt":{"rendered":"<p>Ainda dentro do cen\u00e1rio da m\u00fasica erudita, temos hoje a presen\u00e7a de Iber\u00ea Gomes Grosso, um dos mais importantes violoncelistas brasileiro. Tamb\u00e9m professor que formou in\u00fameros outros grandes m\u00fasicos brasileiros. \u00c9 amplamente considerando um dos principais celista brasileiro, reconhecido internacionalmente. &hellip; <a href=\"https:\/\/www.toque-musicall.com\/?p=11513\">Continue lendo <span class=\"meta-nav\">&rarr;<\/span><\/a><\/p>\n","protected":false},"author":1,"featured_media":0,"comment_status":"closed","ping_status":"closed","sticky":false,"template":"","format":"standard","meta":{"footnotes":""},"categories":[1],"tags":[5411,3037],"class_list":["post-11513","post","type-post","status-publish","format-standard","hentry","category-sem-categoria","tag-ibere-gomes-grosso","tag-selo-som-livre"],"_links":{"self":[{"href":"https:\/\/www.toque-musicall.com\/index.php?rest_route=\/wp\/v2\/posts\/11513","targetHints":{"allow":["GET"]}}],"collection":[{"href":"https:\/\/www.toque-musicall.com\/index.php?rest_route=\/wp\/v2\/posts"}],"about":[{"href":"https:\/\/www.toque-musicall.com\/index.php?rest_route=\/wp\/v2\/types\/post"}],"author":[{"embeddable":true,"href":"https:\/\/www.toque-musicall.com\/index.php?rest_route=\/wp\/v2\/users\/1"}],"replies":[{"embeddable":true,"href":"https:\/\/www.toque-musicall.com\/index.php?rest_route=%2Fwp%2Fv2%2Fcomments&post=11513"}],"version-history":[{"count":1,"href":"https:\/\/www.toque-musicall.com\/index.php?rest_route=\/wp\/v2\/posts\/11513\/revisions"}],"predecessor-version":[{"id":11514,"href":"https:\/\/www.toque-musicall.com\/index.php?rest_route=\/wp\/v2\/posts\/11513\/revisions\/11514"}],"wp:attachment":[{"href":"https:\/\/www.toque-musicall.com\/index.php?rest_route=%2Fwp%2Fv2%2Fmedia&parent=11513"}],"wp:term":[{"taxonomy":"category","embeddable":true,"href":"https:\/\/www.toque-musicall.com\/index.php?rest_route=%2Fwp%2Fv2%2Fcategories&post=11513"},{"taxonomy":"post_tag","embeddable":true,"href":"https:\/\/www.toque-musicall.com\/index.php?rest_route=%2Fwp%2Fv2%2Ftags&post=11513"}],"curies":[{"name":"wp","href":"https:\/\/api.w.org\/{rel}","templated":true}]}}