{"id":11515,"date":"2025-10-25T20:15:29","date_gmt":"2025-10-25T23:15:29","guid":{"rendered":"https:\/\/www.toque-musicall.com\/?p=11515"},"modified":"2025-11-23T20:19:27","modified_gmt":"2025-11-23T23:19:27","slug":"walter-schultz-portalegre-sinfonia-amazonica-1957","status":"publish","type":"post","link":"https:\/\/www.toque-musicall.com\/?p=11515","title":{"rendered":"Walter Schultz Portalegre &#8211; Sinfonia Amaz\u00f4nica (1957)\u00a0"},"content":{"rendered":"\n<figure class=\"wp-block-image size-large\"><img decoding=\"async\" src=\"https:\/\/blogger.googleusercontent.com\/img\/b\/R29vZ2xl\/AVvXsEiQXQFMaKncWEqgZPe6vW40YK4r7qr5-iPx6Yymyt-xZqhiaDa7tyljOnNFHnI3DGmMSJT_UAYkzzfKoHulumI4rTiOfRsTMdUW-8hLLyF906KzOV2DrAJ7tMGEUQqp9P4W6Qxyat61zhZihXTzqPHHT3zjx4eKztAdwtzxlJZ3ka-eYE3csBNuuf3Z3J3K\/w640-h638\/Capturar.JPG\" alt=\"\"\/><\/figure>\n\n\n\n<figure class=\"wp-block-image size-large\"><img decoding=\"async\" src=\"https:\/\/blogger.googleusercontent.com\/img\/b\/R29vZ2xl\/AVvXsEh8WGDRF_VO2Sb1Rs4DU4tkd-Il5q4HxCDa2yJSJNEbK-lYT8VdP4jM6inuWQyXWd8yILaHSo8Qa2k2pxEb5GggX45qoK890eSXLdyqTBprnhvhBeN3gaWwoRse23P2fiqC0CWdJTy3NGjMs9utLgG0sKReVNxcjKit_e54V5pwWUeN9cyE5azmMRnYyQD5\/w640-h636\/Capturarb.JPG\" alt=\"\"\/><\/figure>\n\n\n<div class=\"separator\">Entre os diversos discos de m\u00fasica erudita brasileira temos este aqui que \u00e9 uma aut\u00eantica raridade, pois n\u00e3o h\u00e1 quase nenhuma informa\u00e7\u00e3o sobre o disco e tamb\u00e9m sobre o compositor, Walter Schultz Portoalegre. O pouco que temos \u00e9 mesmo o que consta no texto de contracapa e algumas &#8216;dicas da IA&#8217; que a gente nem sempre pode confiar. Mas, enfim, aqui temos este compositor, que segundo consta era ga\u00facho, de origem alem\u00e3. Figura de relev\u00e2ncia no cen\u00e1rio musical do Rio Grande do Sul. Sua forma\u00e7\u00e3o e atua\u00e7\u00e3o foram multifacetadas, envolvendo m\u00fasica, teatro e cinema. &#8220;Sinfonia Amaz\u00f4nica&#8221; \u00e9 talvez sua obra mais importante, embora n\u00e3o haja hoje nenhuma informa\u00e7\u00e3o a seu respeito acess\u00edvel ao grande p\u00fablico. Segundo consta, sua obra foi objeto de estudos acad\u00eamicos que abordam como ele incorporou a cultura regional ga\u00facha e brasileira em suas composi\u00e7\u00f5es, superando a heran\u00e7a cultural germ\u00e2nica de sua fam\u00edlia. &#8220;Sinfonia Amaz\u00f4nica&#8221; \u00e9 uma pe\u00e7a inspirada numa experi\u00eancial visual, uma tomada cinematogr\u00e1fica e sua pr\u00f3pria trilha. Muito interessante&#8230;<\/div>\n<div class=\"separator\">\u00a0<\/div>\n<div class=\"separator\">1\u00ba movimento &#8211; mata virgem<\/div>\n<div class=\"separator\">2\u00ba movimento &#8211; igarap\u00e9<\/div>\n<div class=\"separator\">3\u00ba movimento &#8211; pantanal<\/div>\n<div class=\"separator\">1\u00ba movimento &#8211; congada<\/div>\n<div class=\"separator\">2\u00ba movimento &#8211; macumba<\/div>\n<div class=\"separator\">3\u00ba movimento &#8211; frevo<\/div>\n<div class=\"separator\">4\u00ba movimento &#8211; samba-scherzo<\/div>\n<div class=\"separator\">\u00a0<\/div>","protected":false},"excerpt":{"rendered":"<p>Entre os diversos discos de m\u00fasica erudita brasileira temos este aqui que \u00e9 uma aut\u00eantica raridade, pois n\u00e3o h\u00e1 quase nenhuma informa\u00e7\u00e3o sobre o disco e tamb\u00e9m sobre o compositor, Walter Schultz Portoalegre. O pouco que temos \u00e9 mesmo o &hellip; <a href=\"https:\/\/www.toque-musicall.com\/?p=11515\">Continue lendo <span class=\"meta-nav\">&rarr;<\/span><\/a><\/p>\n","protected":false},"author":1,"featured_media":0,"comment_status":"closed","ping_status":"closed","sticky":false,"template":"","format":"standard","meta":{"footnotes":""},"categories":[1],"tags":[3597,6106],"class_list":["post-11515","post","type-post","status-publish","format-standard","hentry","category-sem-categoria","tag-selo-sinter","tag-walter-schultz-portoalegre"],"_links":{"self":[{"href":"https:\/\/www.toque-musicall.com\/index.php?rest_route=\/wp\/v2\/posts\/11515","targetHints":{"allow":["GET"]}}],"collection":[{"href":"https:\/\/www.toque-musicall.com\/index.php?rest_route=\/wp\/v2\/posts"}],"about":[{"href":"https:\/\/www.toque-musicall.com\/index.php?rest_route=\/wp\/v2\/types\/post"}],"author":[{"embeddable":true,"href":"https:\/\/www.toque-musicall.com\/index.php?rest_route=\/wp\/v2\/users\/1"}],"replies":[{"embeddable":true,"href":"https:\/\/www.toque-musicall.com\/index.php?rest_route=%2Fwp%2Fv2%2Fcomments&post=11515"}],"version-history":[{"count":1,"href":"https:\/\/www.toque-musicall.com\/index.php?rest_route=\/wp\/v2\/posts\/11515\/revisions"}],"predecessor-version":[{"id":11516,"href":"https:\/\/www.toque-musicall.com\/index.php?rest_route=\/wp\/v2\/posts\/11515\/revisions\/11516"}],"wp:attachment":[{"href":"https:\/\/www.toque-musicall.com\/index.php?rest_route=%2Fwp%2Fv2%2Fmedia&parent=11515"}],"wp:term":[{"taxonomy":"category","embeddable":true,"href":"https:\/\/www.toque-musicall.com\/index.php?rest_route=%2Fwp%2Fv2%2Fcategories&post=11515"},{"taxonomy":"post_tag","embeddable":true,"href":"https:\/\/www.toque-musicall.com\/index.php?rest_route=%2Fwp%2Fv2%2Ftags&post=11515"}],"curies":[{"name":"wp","href":"https:\/\/api.w.org\/{rel}","templated":true}]}}