{"id":11517,"date":"2025-10-26T20:42:55","date_gmt":"2025-10-26T23:42:55","guid":{"rendered":"https:\/\/www.toque-musicall.com\/?p=11517"},"modified":"2025-11-28T20:45:35","modified_gmt":"2025-11-28T23:45:35","slug":"sergio-godinho-de-pequenino-se-torce-o-destino-1976","status":"publish","type":"post","link":"https:\/\/www.toque-musicall.com\/?p=11517","title":{"rendered":"Sergio Godinho &#8211; De Pequenino Se Torce O Destino (1976)"},"content":{"rendered":"\n<figure class=\"wp-block-image size-large\"><img decoding=\"async\" src=\"https:\/\/blogger.googleusercontent.com\/img\/b\/R29vZ2xl\/AVvXsEjVLJ9mapAg3U3DvX5CYl8n0ziI8IrqLlv2pNoRIIAcfkKNwrFDFJpW6NEu4YCTRJqlmqmu8lcMVLiWIubfX03umfq60ZuV4jBxk50_Ene2ahV9F10vnZZP17u81Ki53TG-Ys8P2x3AXHt3cdwy4GVwM8CH3v4YqGvn5xSqqKqubhCo-g0cKT9sQjsobRuj\/w638-h640\/Capturar.JPG\" alt=\"\"\/><\/figure>\n\n\n\n<figure class=\"wp-block-image size-large\"><img decoding=\"async\" src=\"https:\/\/blogger.googleusercontent.com\/img\/b\/R29vZ2xl\/AVvXsEiDMD-j-uXe8h_4oCC4e6NcPy437ZOCPQ2lrDxtBF5D6GZraK0XK8Pu-c5DH4PC4VGTI1b6xlApOWUMh9OPAZHhP1D211Yf0m_ibd3Fknn7GRHIrBZig8NrVoEvOeQKklT4Ar28pyTQLWbOcAOCheTPdjwDMgb7oloB5FZ6y1DVvnDm_CTviDzDkrKWfU57\/w636-h640\/Capturarb.JPG\" alt=\"\"\/><\/figure>\n\n\n<div class=\"separator\">Hoje e talvez nos pr\u00f3ximos dias iremos teremos a presen\u00e7a de artistas portugueses. Nosso Toque Musical, como todos devem saber, \u00e9 voltado para a fonografia brasileira, mas eventualmente contamos tamb\u00e9m com discos que trazem alguma rela\u00e7\u00e3o com o Brasil e os portugueses a gente nem\u00a0 precisa falar, n\u00e9? J\u00e1 apresentamos aqui dezenas de discos de Portugal, em lps e compactos. Desta vez, apenas alguns que n\u00e3o podiam faltar.<\/div>\n<div class=\"separator\">Mais uma vez trazemos o cantor, compositor, escritor e poeta Sergio Godinho, um dos mais importantes artistas da m\u00fasica popular portuguesa e tamb\u00e9m da chamada &#8216;musica de interven\u00e7\u00e3o&#8217;, que aqui no Brasil chamamos de m\u00fasica de protesto.\u00a0<\/div>\n<div class=\"separator\">&#8220;De pequenino se torce o destino&#8221; \u00e9 um trabalho de destaque em sua discografia, lan\u00e7ado em 1976. A m\u00fasica &#8220;Os dem\u00f3nios D&#8217;Alc\u00e1cer Quibir&#8221; foi tema do filme de mesmo nome, do cineasta portugu\u00eas Jos\u00e9 Fonseca e Costa. O disco, no todo, \u00e9 realmente muito bom e vale a pena ouvir e conhecer. Confiram no GTM&#8230;<\/div>\n<div class=\"separator\">\u00a0<\/div>\n<div class=\"separator\">foi a trabalhar<\/div>\n<div class=\"separator\">bacalhau basta<\/div>\n<div class=\"separator\">sul norte campo cidade<\/div>\n<div class=\"separator\">uma cantiga de amor<\/div>\n<div class=\"separator\">um tractor<\/div>\n<div class=\"separator\">organiza\u00e7\u00e3o popular<\/div>\n<div class=\"separator\">os dem\u00f3nios d&#8217;alc\u00e1cer quibir<\/div>\n<div class=\"separator\">cantiga do camolas<\/div>\n<div class=\"separator\">o namorado<\/div>\n<div class=\"separator\">bico calado<\/div>\n<div class=\"separator\">de pequenino<\/div>\n<div class=\"separator\">\u00a0<\/div>\n<div class=\"separator\">\u00a0<\/div>\n<div class=\"separator\">.<\/div>\n<div class=\"separator\">\u00a0<\/div>","protected":false},"excerpt":{"rendered":"<p>Hoje e talvez nos pr\u00f3ximos dias iremos teremos a presen\u00e7a de artistas portugueses. Nosso Toque Musical, como todos devem saber, \u00e9 voltado para a fonografia brasileira, mas eventualmente contamos tamb\u00e9m com discos que trazem alguma rela\u00e7\u00e3o com o Brasil e &hellip; <a href=\"https:\/\/www.toque-musicall.com\/?p=11517\">Continue lendo <span class=\"meta-nav\">&rarr;<\/span><\/a><\/p>\n","protected":false},"author":1,"featured_media":0,"comment_status":"closed","ping_status":"closed","sticky":false,"template":"","format":"standard","meta":{"footnotes":""},"categories":[1],"tags":[5178,6107],"class_list":["post-11517","post","type-post","status-publish","format-standard","hentry","category-sem-categoria","tag-selo-guilda-da-musica","tag-sergio-godinho"],"_links":{"self":[{"href":"https:\/\/www.toque-musicall.com\/index.php?rest_route=\/wp\/v2\/posts\/11517","targetHints":{"allow":["GET"]}}],"collection":[{"href":"https:\/\/www.toque-musicall.com\/index.php?rest_route=\/wp\/v2\/posts"}],"about":[{"href":"https:\/\/www.toque-musicall.com\/index.php?rest_route=\/wp\/v2\/types\/post"}],"author":[{"embeddable":true,"href":"https:\/\/www.toque-musicall.com\/index.php?rest_route=\/wp\/v2\/users\/1"}],"replies":[{"embeddable":true,"href":"https:\/\/www.toque-musicall.com\/index.php?rest_route=%2Fwp%2Fv2%2Fcomments&post=11517"}],"version-history":[{"count":1,"href":"https:\/\/www.toque-musicall.com\/index.php?rest_route=\/wp\/v2\/posts\/11517\/revisions"}],"predecessor-version":[{"id":11518,"href":"https:\/\/www.toque-musicall.com\/index.php?rest_route=\/wp\/v2\/posts\/11517\/revisions\/11518"}],"wp:attachment":[{"href":"https:\/\/www.toque-musicall.com\/index.php?rest_route=%2Fwp%2Fv2%2Fmedia&parent=11517"}],"wp:term":[{"taxonomy":"category","embeddable":true,"href":"https:\/\/www.toque-musicall.com\/index.php?rest_route=%2Fwp%2Fv2%2Fcategories&post=11517"},{"taxonomy":"post_tag","embeddable":true,"href":"https:\/\/www.toque-musicall.com\/index.php?rest_route=%2Fwp%2Fv2%2Ftags&post=11517"}],"curies":[{"name":"wp","href":"https:\/\/api.w.org\/{rel}","templated":true}]}}