{"id":1152,"date":"2009-07-01T10:28:00","date_gmt":"2009-07-01T10:28:00","guid":{"rendered":"http:\/\/www.toque-musicall.com\/?p=1152"},"modified":"2009-07-01T10:28:00","modified_gmt":"2009-07-01T10:28:00","slug":"bolao-forro-do-bolao-1979","status":"publish","type":"post","link":"https:\/\/www.toque-musicall.com\/?p=1152","title":{"rendered":"Bol\u00e3o &#8211; Forr\u00f3 Do Bol\u00e3o (1979)"},"content":{"rendered":"<p><img decoding=\"async\" style=\"display:block; margin:0px auto 10px; text-align:center;cursor:pointer; cursor:hand;width: 397px; height: 400px;\" src=\"http:\/\/4.bp.blogspot.com\/_DSKVEvHtskc\/SktQY5UPmOI\/AAAAAAAAEh4\/Afh4y9WGvuA\/s400\/bol%C3%A3o+P.JPG\" border=\"0\" alt=\"\" id=\"BLOGGER_PHOTO_ID_5353460970692778210\" \/><span><span><span  style=\"font-family:arial;\"><span  style=\"font-size:small;\">Ol\u00e1! Estamos entrando hoje no m\u00eas em que o Toque Musical completa dois anos de exist\u00eancia. Ainda vou preparar o bolo, a festa e covidar mais alguns amigos cultos e ocultos. Ali\u00e1s, como presente de anivers\u00e1rio eu estou dando ao blog 15 dias de f\u00e9rias. Isto que dizer que na segunda quinzena deste m\u00eas n\u00f3s n\u00e3o teremos postagens. Elas voltam justamente no dia 31 de julho, data do in\u00edcio de nossas atividades. <\/span><\/span><\/span><\/span><\/p>\n<div><span><span><span  style=\"font-family:arial;\"><span  style=\"font-size:small;\">E por falar em bolo, eu hoje estou postando um disco do Bol\u00e3o. Ta\u00ed, um lp raro, diferente e para variar, sem muitas informa\u00e7\u00f5es. Mas afinal, quem \u00e9 este Bol\u00e3o? Na m\u00fasica brasileira eu conhe\u00e7o pelo menos uns tr\u00eas. Pesquisando rapidamente cheguei a uns cinco. De todos, acho que o mais prov\u00e1vel \u00e9 mesmo o <\/span><\/span><a href=\"http:\/\/www.youtube.com\/watch?v=aF-LXmgScKQ\"><span  style=\"font-family:arial;\"><span  style=\"font-size:small;\">Isidoro Longano<\/span><\/span><\/a><span  style=\"font-family:arial;\"><span  style=\"font-size:small;\">, clarinetista, saxofonista e tamb\u00e9m flautista. Um instrumentista de bola cheia, que j\u00e1 tocou com os mais diversos artistas brasileiros. Seu sopro est\u00e1 presente tamb\u00e9m em outros tantos discos e normalmente aparece apenas como \u201cBol\u00e3o\u201d. Isidoro foi tamb\u00e9m um dos pioneiros do rock\u2019n\u2019roll tupiniquim. Iniciou sua carreira nos anos 40, integrando v\u00e1rias orquestras de bailes. Nos anos 50 e 60 enveredou para lado do rock, gravando o lp <\/span><\/span><span  style=\"font-family:arial;\"><span  style=\"font-size:small;\"><a href=\"http:\/\/toque-musicall.blogspot.com\/2008\/01\/bolo-seus-rockettes-viva-brotolndia.html\">\u201c<\/a><a href=\"http:\/\/toque-musical.blogspot.com\/2008\/01\/bolao-seus-rockettes-viva-brotolandia_13.html\">Bol\u00e3o e Seus Rockettes \u2013 Viva a Brotol\u00e2ndia<\/a><a href=\"http:\/\/toque-musicall.blogspot.com\/2008\/01\/bolo-seus-rockettes-viva-brotolndia.html\">\u201d<\/a><\/span><\/span><span  style=\"font-family:arial;\"><span  style=\"font-size:small;\">, disco este j\u00e1 postado no Toque Musical em janeiro de 2008. Tamb\u00e9m atuou com pseud\u00f4nimos de Bob Longano e Edward Long e fez parte do grupo The Crazy Cats. Em 1976 ele tocou com o Made In Brazil no disco \u201cJack, O Estripador\u201d. Foi tamb\u00e9m professor de muitos m\u00fasicos e atuou como instrumentista de est\u00fadio, sendo pau para toda obra. Um m\u00fasico desse quilate n\u00e3o podia ficar s\u00f3 no rock, pelo menos no que diz ao seu trabalho multifacetado. Embora sem qualquer outra informa\u00e7\u00e3o, posso afirmar que este disco \u00e9 mesmo do Isidoro Longano. Um \u00e1lbum basicamente pautado no instrumental, onde a referencia r\u00edtmica \u00e9 o forr\u00f3. H\u00e1 inclusive a participa\u00e7\u00e3o especial de Dominguinhos. Sem sombras de d\u00favida, um disco nota 10! Se voc\u00eas ainda n\u00e3o o viram rodando em outras fontes, chega mais, porque aqui \u00e9 320! \ud83d\ude09<\/span><\/span><\/span><\/span><\/p>\n<div>\n<div><span  style=\"font-family:arial;\"><span  style=\"font-size:small;\"><br \/><\/span><\/span><\/div>\n<div style=\"text-align: center;\"><span  style=\"font-family:arial;\"><span  style=\"font-size:small;\">forr\u00f3 do z\u00e9 pirrita<\/span><\/span><\/div>\n<div style=\"text-align: center;\"><span  style=\"font-family:arial;\"><span  style=\"font-size:small;\">discotheque no forr\u00f3<\/span><\/span><\/div>\n<div style=\"text-align: center;\"><span  style=\"font-family:arial;\"><span  style=\"font-size:small;\">forr\u00f3 do z\u00e9 lagoa<\/span><\/span><\/div>\n<div style=\"text-align: center;\"><span  style=\"font-family:arial;\"><span  style=\"font-size:small;\">forr\u00f3 do seu vav\u00e1<\/span><\/span><\/div>\n<div style=\"text-align: center;\"><span  style=\"font-family:arial;\"><span  style=\"font-size:small;\">l\u00e1 vai forr\u00f3<\/span><\/span><\/div>\n<div style=\"text-align: center;\"><span  style=\"font-family:arial;\"><span  style=\"font-size:small;\">at\u00e9 a guela<\/span><\/span><\/div>\n<div style=\"text-align: center;\"><span  style=\"font-family:arial;\"><span  style=\"font-size:small;\">tenho sede<\/span><\/span><\/div>\n<div style=\"text-align: center;\"><span  style=\"font-family:arial;\"><span  style=\"font-size:small;\">carta a m\u00e3einha<\/span><\/span><\/div>\n<div style=\"text-align: center;\"><span  style=\"font-family:arial;\"><span  style=\"font-size:small;\">fortaleza e cear\u00e1<\/span><\/span><\/div>\n<div style=\"text-align: center;\"><span  style=\"font-family:arial;\"><span  style=\"font-size:small;\">n\u00e3o vou l\u00e1<\/span><\/span><\/div>\n<div style=\"text-align: center;\"><span  style=\"font-family:arial;\"><span  style=\"font-size:small;\">n\u00e3o ligo isso<\/span><\/span><\/div>\n<div style=\"text-align: center;\"><span  style=\"font-family:arial;\"><span  style=\"font-size:small;\">o bom tocador<\/span><\/span><\/div>\n<div style=\"text-align: center;\"><span  style=\"font-family:arial;\"><span  style=\"font-size:small;\"><br \/><\/span><\/span><\/div>\n<div style=\"text-align: center;\"><span  style=\"font-family:arial;\"><br \/><\/span><\/div>\n<\/div>\n<\/div>\n","protected":false},"excerpt":{"rendered":"<p>Ol\u00e1! Estamos entrando hoje no m\u00eas em que o Toque Musical completa dois anos de exist\u00eancia. Ainda vou preparar o bolo, a festa e covidar mais alguns amigos cultos e ocultos. Ali\u00e1s, como presente de anivers\u00e1rio eu estou dando ao &hellip; <a href=\"https:\/\/www.toque-musicall.com\/?p=1152\">Continue lendo <span class=\"meta-nav\">&rarr;<\/span><\/a><\/p>\n","protected":false},"author":1,"featured_media":0,"comment_status":"open","ping_status":"closed","sticky":false,"template":"","format":"standard","meta":{"footnotes":""},"categories":[1421,673],"tags":[],"class_list":["post-1152","post","type-post","status-publish","format-standard","hentry","category-bolao","category-selo-arlequim"],"_links":{"self":[{"href":"https:\/\/www.toque-musicall.com\/index.php?rest_route=\/wp\/v2\/posts\/1152","targetHints":{"allow":["GET"]}}],"collection":[{"href":"https:\/\/www.toque-musicall.com\/index.php?rest_route=\/wp\/v2\/posts"}],"about":[{"href":"https:\/\/www.toque-musicall.com\/index.php?rest_route=\/wp\/v2\/types\/post"}],"author":[{"embeddable":true,"href":"https:\/\/www.toque-musicall.com\/index.php?rest_route=\/wp\/v2\/users\/1"}],"replies":[{"embeddable":true,"href":"https:\/\/www.toque-musicall.com\/index.php?rest_route=%2Fwp%2Fv2%2Fcomments&post=1152"}],"version-history":[{"count":0,"href":"https:\/\/www.toque-musicall.com\/index.php?rest_route=\/wp\/v2\/posts\/1152\/revisions"}],"wp:attachment":[{"href":"https:\/\/www.toque-musicall.com\/index.php?rest_route=%2Fwp%2Fv2%2Fmedia&parent=1152"}],"wp:term":[{"taxonomy":"category","embeddable":true,"href":"https:\/\/www.toque-musicall.com\/index.php?rest_route=%2Fwp%2Fv2%2Fcategories&post=1152"},{"taxonomy":"post_tag","embeddable":true,"href":"https:\/\/www.toque-musicall.com\/index.php?rest_route=%2Fwp%2Fv2%2Ftags&post=1152"}],"curies":[{"name":"wp","href":"https:\/\/api.w.org\/{rel}","templated":true}]}}