{"id":11524,"date":"2025-10-30T21:57:33","date_gmt":"2025-10-31T00:57:33","guid":{"rendered":"https:\/\/www.toque-musicall.com\/?p=11524"},"modified":"2025-12-07T21:59:37","modified_gmt":"2025-12-08T00:59:37","slug":"luiz-goes-cancoes-de-amor-e-de-esperanca-1971","status":"publish","type":"post","link":"https:\/\/www.toque-musicall.com\/?p=11524","title":{"rendered":"Luiz Goes &#8211; Can\u00e7\u00f5es De Amor e de Esperan\u00e7a (1971)"},"content":{"rendered":"\n<figure class=\"wp-block-image size-large\"><img decoding=\"async\" src=\"https:\/\/blogger.googleusercontent.com\/img\/b\/R29vZ2xl\/AVvXsEjkFkyzRNoqhJY4pMSYBGYZ5Uemq2otDVehUTyeSKXFCELV-W1EJvntiNyqlwdq4yRpAzaDlk8Uy03Z2BMUZXMESmtAmvuKrQFye4mMDNyjw4rNeYZ4QlMiq7y_KfVQdMZm0T2ywKKICDhErPvEydkdMc-d3JgS5q9Bf4vGyGxTW-Oz6xa_ldKUxamkHn81\/w632-h640\/capa.jpg\" alt=\"\"\/><\/figure>\n\n\n\n<figure class=\"wp-block-image size-large\"><img decoding=\"async\" src=\"https:\/\/blogger.googleusercontent.com\/img\/b\/R29vZ2xl\/AVvXsEh1R52ZpDSlutNYFMgunQNiTZPGqemZfgSfp8Ky-Y25YNvGju-4O1z7zTMmNEOPqVObVx_hXahdSneDZfJtT1EPWx3ZG5BZT0MBj3WynJuVixJhSbW2uxk6UFjd_ku74LDrxPCRfLdP0LjkndXkAAYbtWWduQ8YfEDQxdQdx5UTsrxVjkzHpgHYQGoEXSDj\/w640-h638\/contracapa.jpg\" alt=\"\"\/><\/figure>\n\n\n<p>Seguindo na sess\u00e3o portuguesa, temos Lu\u00eds Fernando de Souza Pires de Goes, que foi um cantor e compositor, considerado um dos expoentes da chamada &#8216;can\u00e7\u00e3o de Coimbra&#8217; e do fado. Famoso por sua voz marcante e interpreta\u00e7\u00e3o. Tamb\u00e9m era m\u00e9dico. Segundo consta, era um \u00edcone da m\u00fasica estudantil e popular portuguesa.\u00a0<\/p>\n<div>E aqui temos dele este lp, &#8220;Can\u00e7\u00f5es de Amor e de Espeeran\u00e7a&#8221;, um disco autoral, gravado em 1971. As composi\u00e7\u00f5es s\u00e3o suas e tamb\u00e9m (boa parte) de Leonel Neves. Um trabalho simples, gravado em poucas horas de est\u00fadio, mas cujo resultado \u00e9 surpreendente. Por certo, mais um cl\u00e1ssico da m\u00fasica portuguesa. Vale a pena conhecer&#8230;<\/div>\n<div>\u00a0<\/div>\n<div>cantiga para quem sonha<\/div>\n<div>poema para um menino<\/div>\n<div>can\u00e7\u00e3o pra quem vier<\/div>\n<div>sangue novo<\/div>\n<div>chamo-te ni\u00f1a<\/div>\n<div>trova de vila da feira<\/div>\n<div>\u00e9 preciso acreditar<\/div>\n<div>can\u00e7\u00e3o quase de embalar<\/div>\n<div>can\u00e7\u00e3o pag\u00e3<\/div>\n<div>mensagem do mar<\/div>\n<div>balada do rei vadio<\/div>\n<div>uma lenda do levante<\/div>\n<div>\u00a0<\/div>\n<div>\u00a0<\/div>\n<div>.<\/div>","protected":false},"excerpt":{"rendered":"<p>Seguindo na sess\u00e3o portuguesa, temos Lu\u00eds Fernando de Souza Pires de Goes, que foi um cantor e compositor, considerado um dos expoentes da chamada &#8216;can\u00e7\u00e3o de Coimbra&#8217; e do fado. Famoso por sua voz marcante e interpreta\u00e7\u00e3o. Tamb\u00e9m era m\u00e9dico. &hellip; <a href=\"https:\/\/www.toque-musicall.com\/?p=11524\">Continue lendo <span class=\"meta-nav\">&rarr;<\/span><\/a><\/p>\n","protected":false},"author":1,"featured_media":0,"comment_status":"closed","ping_status":"closed","sticky":false,"template":"","format":"standard","meta":{"footnotes":""},"categories":[1],"tags":[3266,6111,3238],"class_list":["post-11524","post","type-post","status-publish","format-standard","hentry","category-sem-categoria","tag-internacional","tag-luiz-goes","tag-selo-columbia"],"_links":{"self":[{"href":"https:\/\/www.toque-musicall.com\/index.php?rest_route=\/wp\/v2\/posts\/11524","targetHints":{"allow":["GET"]}}],"collection":[{"href":"https:\/\/www.toque-musicall.com\/index.php?rest_route=\/wp\/v2\/posts"}],"about":[{"href":"https:\/\/www.toque-musicall.com\/index.php?rest_route=\/wp\/v2\/types\/post"}],"author":[{"embeddable":true,"href":"https:\/\/www.toque-musicall.com\/index.php?rest_route=\/wp\/v2\/users\/1"}],"replies":[{"embeddable":true,"href":"https:\/\/www.toque-musicall.com\/index.php?rest_route=%2Fwp%2Fv2%2Fcomments&post=11524"}],"version-history":[{"count":1,"href":"https:\/\/www.toque-musicall.com\/index.php?rest_route=\/wp\/v2\/posts\/11524\/revisions"}],"predecessor-version":[{"id":11525,"href":"https:\/\/www.toque-musicall.com\/index.php?rest_route=\/wp\/v2\/posts\/11524\/revisions\/11525"}],"wp:attachment":[{"href":"https:\/\/www.toque-musicall.com\/index.php?rest_route=%2Fwp%2Fv2%2Fmedia&parent=11524"}],"wp:term":[{"taxonomy":"category","embeddable":true,"href":"https:\/\/www.toque-musicall.com\/index.php?rest_route=%2Fwp%2Fv2%2Fcategories&post=11524"},{"taxonomy":"post_tag","embeddable":true,"href":"https:\/\/www.toque-musicall.com\/index.php?rest_route=%2Fwp%2Fv2%2Ftags&post=11524"}],"curies":[{"name":"wp","href":"https:\/\/api.w.org\/{rel}","templated":true}]}}