{"id":116,"date":"2012-03-19T23:54:00","date_gmt":"2012-03-19T23:54:00","guid":{"rendered":"http:\/\/www.toque-musicall.com\/?p=116"},"modified":"2012-03-19T23:54:00","modified_gmt":"2012-03-19T23:54:00","slug":"trio-de-ouro-trio-melodia-trio-madrigal-trio-maraba-trio-nago-selecao-78-rpm-do-toque-musical-vol-14-2012","status":"publish","type":"post","link":"https:\/\/www.toque-musicall.com\/?p=116","title":{"rendered":"Trio De Ouro, Trio Melodia, Trio Madrigal, Trio Marab\u00e1, Trio Nag\u00f4 &#8211; Sele\u00e7\u00e3o 78 RPM Do Toque Musical &#8211; Vol. 14 (2012)"},"content":{"rendered":"<p><a href=\"http:\/\/4.bp.blogspot.com\/-fVpflG-STw0\/T2fMvF7C7WI\/AAAAAAAABQc\/y5WmLXofZr4\/s1600\/CAPAP.JPG\"><img decoding=\"async\" style=\"display:block; margin:0px auto 10px; text-align:center;cursor:pointer; cursor:hand;width: 400px; height: 400px;\" src=\"http:\/\/4.bp.blogspot.com\/-fVpflG-STw0\/T2fMvF7C7WI\/AAAAAAAABQc\/y5WmLXofZr4\/s400\/CAPAP.JPG\" alt=\"\" id=\"BLOGGER_PHOTO_ID_5721766961013255522\" border=\"0\" \/><\/a><a href=\"http:\/\/3.bp.blogspot.com\/-5K6ir5PxdWQ\/T2fMl1mejKI\/AAAAAAAABQQ\/GQsQhz4UoDY\/s1600\/CONTRACAPAP.JPG\"><img decoding=\"async\" style=\"display:block; margin:0px auto 10px; text-align:center;cursor:pointer; cursor:hand;width: 400px; height: 400px;\" src=\"http:\/\/3.bp.blogspot.com\/-5K6ir5PxdWQ\/T2fMl1mejKI\/AAAAAAAABQQ\/GQsQhz4UoDY\/s400\/CONTRACAPAP.JPG\" alt=\"\" id=\"BLOGGER_PHOTO_ID_5721766802013195426\" border=\"0\" \/><\/a><\/p>\n<p><span   style=\"font-family:arial;font-size:100%;\">Encontros a tr\u00eas&#8230; vozes! \u00c9 o que apresenta esta d\u00e9cima-quarta edi\u00e7\u00e3o do Gran Record Brazil, apresentando trios vocais que marcaram \u00e9poca na hist\u00f3ria da m\u00fasica popular brasileira. Logo de sa\u00edda, temos o Trio de Ouro. E em sua primeira fase, com o \u201crouxinol do Brasil\u201d Dalva de Oliveira (Rio Claro, SP-1917-Rio de Janeiro, 1972), Herivelto Martins, seu fundador (Engenheiro Paulo de Frontin, RJ, 1912-Rio de Janeiro, 1992), e Nilo Chagas (Barra do Pira\u00ed, RJ-1917-Rio de Janeiro, 1973). O disco escolhido foi o Odeon 12185, gravado em 5 de junho de 1942 e lan\u00e7ado em agosto do mesmo ano, com acompanhamento da orquestra do maestro Fon-Fon (Otaviano Romero Monteiro, Santa Luzia do Norte, AL, 1908-Atenas, Gr\u00e9cia, 1951). O lado A, matriz 6964, \u00e9 simplesmente um cl\u00e1ssico: o samba-can\u00e7\u00e3o \u201cAve Maria no morro\u201d, uma das mais famosas obras-primas de Herivelto. Foi muitas vezes gravada, at\u00e9 mesmo em&#8230; esperanto! Uma joia apresentada em seu registro original, daqueles indispens\u00e1veis para quem n\u00e3o conhece. No verso, matriz 6965, o curioso \u201clamento negro\u201d \u201cFesta de preto\u201d, de autoria de Humberto Porto (Salvador, BA, 1908-Rio de Janeiro, 1943), parceiro de outros dois grandes compositores, Assis Valente e Benedito Lacerda. A composi\u00e7\u00e3o \u00e9 caracter\u00edstica da obra de Porto, que trata muito da religiosidade baiana e da hist\u00f3ria de escravid\u00e3o dos negros. Porto morreu uma semana depois de seu pai&#8230; se suicidando! E o primeiro Trio de Ouro acabaria em 1949, com a ruidosa separa\u00e7\u00e3o de Dalva de Oliveira e Herivelto Martins, que organizaria mais duas forma\u00e7\u00f5es do grupo vocal: a segunda ainda com Nilo Chagas mais Noemi Cavalcanti, e a terceira com Raul Sampaio e Lurdinha Bittencourt.<\/span><\/p>\n<p><span   style=\"font-family:arial;font-size:100%;\">Em seguida temos o Trio Madrigal, formado na R\u00e1dio Mayrink Veiga do Rio de Janeiro, em 1946, pelo maestro Alceu Bocchino. Sua primeira forma\u00e7\u00e3o tinha Edda Cardoso, Magda Marialba e Margarida de Oliveira (irm\u00e3 de Dalva), que seis meses depois abandonou o trio para se casar, sendo substitu\u00edda por Lolita Koch Freire. \u00c9 esta a forma\u00e7\u00e3o que aparece nos discos Continental aqui inclu\u00eddos, com acompanhamento instrumental dirigido pelo maestro ga\u00facho Radam\u00e9s Gnatalli, sob o pseud\u00f4nimo de Vero. No primeiro, de n\u00famero 16554, gravado em 10 de abril de 1952 e lan\u00e7ado em maio-junho do mesmo ano, elas est\u00e3o junto com o Trio Melodia (integrado por Albertinho Fortuna, Nuno Roland e Paulo Tapaj\u00f3s e formado na lend\u00e1ria R\u00e1dio Nacional para apoio do programa \u201cUm milh\u00e3o de melodias\u201d) acompanhando vocalmente o cantor Jorge Goulart, que por uma triste coincid\u00eancia acaba de falecer, aos 86 anos, em sua cidade natal, Rio de Janeiro. S\u00e3o regrava\u00e7\u00f5es de dois hits de Jo\u00e3o de Barro, o Braguinha, ent\u00e3o diretor art\u00edstico da gravadora dos irm\u00e3os Byington, intimamente ligados \u00e0s festas juninas. No lado A, matriz C-2836, a marchinha \u201cNoites de junho\u201d, parceria com Alberto Ribeiro e cria\u00e7\u00e3o de Dalva de Oliveira em 1939, e, no verso, matriz C-2835, uma obra-prima de Braguinha sem parceiro: o samba-can\u00e7\u00e3o &#8216;Man\u00e9 Fogueteiro\u201d, originalmente lan\u00e7ado em 1934 por Augusto Calheiros. O segundo disco do Trio Madrigal aqui inclu\u00eddo, tamb\u00e9m de 1952, com lan\u00e7amento em julho, leva o n\u00famero 16586. No lado A, matriz C-2903, uma vers\u00e3o do especialista Lourival Faissal para o fox \u201cBom dia, mister Eco\u201d (\u201cGood morning, mister Echo), de Bill e Belinda Putman. Aqui, nota-se a criatividade do t\u00e9cnico de grava\u00e7\u00e3o Norival Reis, o Vav\u00e1, que at\u00e9 idealizou uma c\u00e2mara de eco, fato que ajudou este registro, inclusive, a receber pr\u00eamio da Associa\u00e7\u00e3o Brasileira de Discos naquele ano. No verso, matriz C-2809, a valsa \u201cConvite ao amor\u201d, na verdade uma vers\u00e3o com letra para \u201cSobre as ondas\u201d (\u201cSobre las olas\u201d), do uruguaio Juventino Rosas, versos de Lourival Faissal e Luiz de Fran\u00e7a. Valsa bastante gravada instrumentalmente no Brasil, e seu primeiro registro entre n\u00f3s surgiu em 1910, com o rancho Ameno Resed\u00e1, sob o selo (olha s\u00f3 a coincid\u00eancia)&#8230; Gran Record Brazil!!!<\/span><\/p>\n<p><span   style=\"font-family:arial;font-size:100%;\">Em seguida temos os Trios Madrigal e Melodia novamente juntos no Continental 20106, lan\u00e7ado para os festejos natalinos de 1951, matrizes 2720 e 2721-R. Evidentemente, como diz o pr\u00f3prio t\u00edtulo, \u00e9 um popurri das mais expressivas\u201dCantigas de Natal\u201d, de v\u00e1rios autores e\/ou de origem folcl\u00f3rica, em arranjo de Paulo Tapaj\u00f3s e Radam\u00e9s Gnatalli, com o sempre eficiente acompanhamento orquestral deste \u00faltimo, igualmente como Vero.<\/span><\/p>\n<p><span   style=\"font-family:arial;font-size:100%;\">O Trio Marab\u00e1 era formado por Pancho, Panchito e C\u00e1rmen Duran (seriam mexicanos?). Aqui comparece com seu oitavo disco, o Copacabana 5044, lan\u00e7ado em mar\u00e7o-abril de 1953, com regrava\u00e7\u00f5es de dois hits da \u00e9poca: no lado A, matriz M-332, o bai\u00e3o \u201cMulher rendeira\u201d, de origem folcl\u00f3rica, internacionalmente conhecido gra\u00e7as ao filme \u201cO cangaceiro\u201d, e nele interpretado pelos Dem\u00f4nios da Garoa. A pel\u00edcula ganhou a Palma de Prata no festival de Cannes, Fran\u00e7a, como melhor filme de aventuras, mas quem mais se beneficiou de seu sucesso foi a distribuidora Columbia Pictures, sendo que a produtora, a lend\u00e1ria Vera Cruz, com est\u00fadios em S\u00e3o Bernardo do Campo, no ABC paulista, acabou falindo um ano depois. No verso, matriz M-333, o cl\u00e1ssico samba-can\u00e7\u00e3o \u201cNingu\u00e9m me ama\u201d, de exclusiva autoria de Ant\u00f4nio Maria, mas com parceria de Fernando Lobo, por acordo que havia entre ambos. Originalmente saiu na voz de Nora Ney, em 1952.<\/span><\/p>\n<p>  <span   style=\"font-family:arial;font-size:100%;\"> Encerrando, vamos encontrar o Trio Nag\u00f4, integrado por M\u00e1rio Alves de Almeida, Epaminondas de Souza e Evaldo Gouveia. M\u00e1rio e Epaminondas cantavam na R\u00e1dio Clube do Cear\u00e1, quando conheceram o ent\u00e3o estreante Evaldo Gouveia. Os tr\u00eas logo se tornaram amigos e passaram a cantar juntos na noite de Fortaleza. O grupo se chamava, a princ\u00edpio, Trio Cearense, nome depois mudado para Trio Iracema e, finalmente, para Trio Nag\u00f4. Seu primeiro disco saiu em janeiro de 1953, pela Sinter, com o rasqueado \u201cMo\u00e7a bonita\u201d e o maracatu \u201cPaisagem sertaneja\u201d. Eles est\u00e3o aqui com o disco RCA Victor 80-1951, gravado em 24 de mar\u00e7o de 1958 e lan\u00e7ado em junho do mesmo ano, com duas composi\u00e7\u00f5es de Paulo Borges. No lado A, matriz 13-J2PB-0387, o conhecido e cl\u00e1ssico rasqueado \u201cCabecinha no ombro\u201d, lan\u00e7ado em fins do ano anterior por Alcides Gerardi e regravado in\u00fameras vezes, sendo conhecido at\u00e9 os dias de hoje (quem nunca ouviu?). No verso, matriz 13-J2PB-0388, o belo samba-can\u00e7\u00e3o \u201cCart\u00e3o postal\u201d. Enfim, uma edi\u00e7\u00e3o do GRB que ir\u00e1 enriquecer o acervo de muitos amigos cultos e ocultos com algumas das melhores interpreta\u00e7\u00f5es a tr\u00eas vozes. Divirtam-se! <\/span><\/p>\n<div><span   style=\"font-family:arial;font-size:100%;\">* <\/span><span   style=\"font-family:arial;font-size:78%;\">TEXTO SAMUEL MACHADO FILHO<\/span><\/div>\n<div><span   style=\"font-family:arial;font-size:78%;\"><br \/><\/span><\/div>\n<div><span   style=\"font-family:arial;font-size:78%;\"><br \/><\/span><\/div>\n","protected":false},"excerpt":{"rendered":"<p>Encontros a tr\u00eas&#8230; vozes! \u00c9 o que apresenta esta d\u00e9cima-quarta edi\u00e7\u00e3o do Gran Record Brazil, apresentando trios vocais que marcaram \u00e9poca na hist\u00f3ria da m\u00fasica popular brasileira. Logo de sa\u00edda, temos o Trio de Ouro. E em sua primeira fase, &hellip; <a href=\"https:\/\/www.toque-musicall.com\/?p=116\">Continue lendo <span class=\"meta-nav\">&rarr;<\/span><\/a><\/p>\n","protected":false},"author":1,"featured_media":0,"comment_status":"open","ping_status":"closed","sticky":false,"template":"","format":"standard","meta":{"footnotes":""},"categories":[11,13,210,209,198,211],"tags":[],"class_list":["post-116","post","type-post","status-publish","format-standard","hentry","category-exclusivos-do-toque-musical","category-selo-grand-record-brazil","category-trio-de-ouro","category-trio-madrigal","category-trio-maraba","category-trio-melodia"],"_links":{"self":[{"href":"https:\/\/www.toque-musicall.com\/index.php?rest_route=\/wp\/v2\/posts\/116","targetHints":{"allow":["GET"]}}],"collection":[{"href":"https:\/\/www.toque-musicall.com\/index.php?rest_route=\/wp\/v2\/posts"}],"about":[{"href":"https:\/\/www.toque-musicall.com\/index.php?rest_route=\/wp\/v2\/types\/post"}],"author":[{"embeddable":true,"href":"https:\/\/www.toque-musicall.com\/index.php?rest_route=\/wp\/v2\/users\/1"}],"replies":[{"embeddable":true,"href":"https:\/\/www.toque-musicall.com\/index.php?rest_route=%2Fwp%2Fv2%2Fcomments&post=116"}],"version-history":[{"count":0,"href":"https:\/\/www.toque-musicall.com\/index.php?rest_route=\/wp\/v2\/posts\/116\/revisions"}],"wp:attachment":[{"href":"https:\/\/www.toque-musicall.com\/index.php?rest_route=%2Fwp%2Fv2%2Fmedia&parent=116"}],"wp:term":[{"taxonomy":"category","embeddable":true,"href":"https:\/\/www.toque-musicall.com\/index.php?rest_route=%2Fwp%2Fv2%2Fcategories&post=116"},{"taxonomy":"post_tag","embeddable":true,"href":"https:\/\/www.toque-musicall.com\/index.php?rest_route=%2Fwp%2Fv2%2Ftags&post=116"}],"curies":[{"name":"wp","href":"https:\/\/api.w.org\/{rel}","templated":true}]}}