{"id":11615,"date":"2026-01-04T20:49:57","date_gmt":"2026-01-04T23:49:57","guid":{"rendered":"https:\/\/www.toque-musicall.com\/?p=11615"},"modified":"2026-01-18T20:51:48","modified_gmt":"2026-01-18T23:51:48","slug":"the-cats-1966","status":"publish","type":"post","link":"https:\/\/www.toque-musicall.com\/?p=11615","title":{"rendered":"The Cats (1966)\u00a0"},"content":{"rendered":"\n<figure class=\"wp-block-image size-large\"><img decoding=\"async\" src=\"https:\/\/blogger.googleusercontent.com\/img\/b\/R29vZ2xl\/AVvXsEhKZubMGhjAO590tLi0GQpbZpaF3_uFNGcATeJZAWk7taBVrFaJsKBh0Hy6zIhR7HADwzj9qMuPdf-IthUYIZH2lZ11XmZTbKaJ5L4IkHwyWxWnMYyKO9-rMyUHjDi_gqstBc_ogcn47kYMAZ5R_XHUcTQ2gAp1AHcTsqASiQRe3xNYRQISyiC0CgonheCt\/w638-h640\/WhatsApp%20Image%202026-01-12%20at%2017.32.34.jpeg\" alt=\"\"\/><\/figure>\n\n\n\n<figure class=\"wp-block-image size-large\"><img decoding=\"async\" src=\"https:\/\/blogger.googleusercontent.com\/img\/b\/R29vZ2xl\/AVvXsEjPHXj9r02qSjBMuT4rQpJnd0cUpm9PRIFvVKVqshLzHwysPfmCh8FPCHOmiz8NCDj3lYKEbIxm9MsQ6Q_CpfgSTTZ41hTEz39PlGxex3lEmDB4wM4g7IabQxxbnDcpR97q_Obg1oSaoKkWxSIXE86kD_16uzoKthfFk0rv3kTpwvj5c0knAuXIpZYDlBFj\/w640-h640\/WhatsApp%20Image%202026-01-12%20at%2017.32.34s.jpeg\" alt=\"\"\/><\/figure>\n\n\n<div class=\"separator\">Eis aqui um disquinho interessante do acervo Fares, um raro compacto do conjunto The Cats, que como muitos outros conjuntos e artistas n\u00e3o passaram do compacto promocional, ou seja, aquele distribuido pela gravadora, geralmente para r\u00e1dios e eventuais lojas de discos da \u00e9poca (anos 60). The Cats pode tamb\u00e9m ser uma dupla e a verdade \u00e9 que n\u00e3o existe, em pesquisa pela internet, nenhuma refer\u00eancia sobre eles. Por\u00e9m, no livro &#8220;Hist\u00f3ria e Discografia Ilustrada do Rock Instrumental na Am\u00e9rica do Sul&#8221;, de La\u00e9rcio Pacheco Martins, em uma pequena nota, ele informa que se trata de um grupo de Santa Catarina. Gravaram apenas este compacto simples pela Philips, em 1966 trazendo duas m\u00fasicas autorais, &#8220;Gatos&#8221; e &#8220;Namoro de bonecos&#8221;. Este disco parece n\u00e3o ter vingado, mas no ano seguinte, Ed Carlos estaria gravando e fazendo sucesso com &#8220;Namoro de bonecos&#8221; na Jovem Guarda.. Quanto aos &#8220;Cats&#8221;&#8230; Sumiram de vez \ud83d\ude41<\/div>\n<div class=\"separator\">\u00a0<\/div>\n<div class=\"separator\">gatos<\/div>\n<div class=\"separator\">namoro de bonecos<\/div>\n<div class=\"separator\">\u00a0<\/div>\n<div class=\"separator\">\u00a0<\/div>\n<div class=\"separator\">\u00a0<\/div>\n<div class=\"separator\">.<\/div>","protected":false},"excerpt":{"rendered":"<p>Eis aqui um disquinho interessante do acervo Fares, um raro compacto do conjunto The Cats, que como muitos outros conjuntos e artistas n\u00e3o passaram do compacto promocional, ou seja, aquele distribuido pela gravadora, geralmente para r\u00e1dios e eventuais lojas de &hellip; <a href=\"https:\/\/www.toque-musicall.com\/?p=11615\">Continue lendo <span class=\"meta-nav\">&rarr;<\/span><\/a><\/p>\n","protected":false},"author":1,"featured_media":0,"comment_status":"closed","ping_status":"closed","sticky":false,"template":"","format":"standard","meta":{"footnotes":""},"categories":[1],"tags":[3072,3012,6149],"class_list":["post-11615","post","type-post","status-publish","format-standard","hentry","category-sem-categoria","tag-compactos","tag-selo-philips","tag-the-cats"],"_links":{"self":[{"href":"https:\/\/www.toque-musicall.com\/index.php?rest_route=\/wp\/v2\/posts\/11615","targetHints":{"allow":["GET"]}}],"collection":[{"href":"https:\/\/www.toque-musicall.com\/index.php?rest_route=\/wp\/v2\/posts"}],"about":[{"href":"https:\/\/www.toque-musicall.com\/index.php?rest_route=\/wp\/v2\/types\/post"}],"author":[{"embeddable":true,"href":"https:\/\/www.toque-musicall.com\/index.php?rest_route=\/wp\/v2\/users\/1"}],"replies":[{"embeddable":true,"href":"https:\/\/www.toque-musicall.com\/index.php?rest_route=%2Fwp%2Fv2%2Fcomments&post=11615"}],"version-history":[{"count":1,"href":"https:\/\/www.toque-musicall.com\/index.php?rest_route=\/wp\/v2\/posts\/11615\/revisions"}],"predecessor-version":[{"id":11616,"href":"https:\/\/www.toque-musicall.com\/index.php?rest_route=\/wp\/v2\/posts\/11615\/revisions\/11616"}],"wp:attachment":[{"href":"https:\/\/www.toque-musicall.com\/index.php?rest_route=%2Fwp%2Fv2%2Fmedia&parent=11615"}],"wp:term":[{"taxonomy":"category","embeddable":true,"href":"https:\/\/www.toque-musicall.com\/index.php?rest_route=%2Fwp%2Fv2%2Fcategories&post=11615"},{"taxonomy":"post_tag","embeddable":true,"href":"https:\/\/www.toque-musicall.com\/index.php?rest_route=%2Fwp%2Fv2%2Ftags&post=11615"}],"curies":[{"name":"wp","href":"https:\/\/api.w.org\/{rel}","templated":true}]}}