{"id":11619,"date":"2026-01-06T20:55:57","date_gmt":"2026-01-06T23:55:57","guid":{"rendered":"https:\/\/www.toque-musicall.com\/?p=11619"},"modified":"2026-01-18T21:27:01","modified_gmt":"2026-01-19T00:27:01","slug":"maria-alcina-1971","status":"publish","type":"post","link":"https:\/\/www.toque-musicall.com\/?p=11619","title":{"rendered":"Maria Alcina (1971)"},"content":{"rendered":"\n<figure class=\"wp-block-image size-large\"><img decoding=\"async\" src=\"https:\/\/blogger.googleusercontent.com\/img\/b\/R29vZ2xl\/AVvXsEgBSdMgUnesv7n6qhnmCXDEzUTRlymsxGnvasK4WoE2CxP2WRtko0jL3Anw07IEqQ4TdPHA7ik9qeVW7CF9XuCpwtoEPkCVWQazAfDKAwkP0_r85OCtZWuE9AKZI4janVd7TzYUInGI-vJNOwwytklKtAEfy7NwH7DWub6EO79epOaruPgftKeRHFliwOvn\/w638-h640\/lado%20b.jpg\" alt=\"\"\/><\/figure>\n\n\n<div class=\"separator\">Outro disquinho que vale conhecer&#8230; Lan\u00e7ado em 1971 pela Chantecler (GCL),\u00a0o compacto de Maria Alcina evidencia a for\u00e7a e a irrever\u00eancia que marcariam sua trajet\u00f3ria. De um lado,\u00a0<em>\u201c<\/em>Azeitonas Verdes<em>\u201d<\/em>\u00a0traz humor e teatralidade em uma interpreta\u00e7\u00e3o cheia de personalidade. Do outro,\u00a0<em>\u201c<\/em>Mam\u00e3e Coragem<em>\u201d<\/em>\u00a0revela intensidade e dramaticidade, com a cantora explorando ao m\u00e1ximo sua pot\u00eancia vocal. Em duas faixas, o disco antecipa a artista singular que Maria Alcina se tornaria, fazendo do compacto um registro essencial da MPB dos anos 70.<\/div>\n<div class=\"separator\">\u00a0<\/div>\n<div class=\"separator\">azeitonas verdes<\/div>\n<div class=\"separator\">mam\u00e3e coragem<\/div>\n<div class=\"separator\">\u00a0<\/div>\n<div class=\"separator\">\u00a0<\/div>","protected":false},"excerpt":{"rendered":"<p>Outro disquinho que vale conhecer&#8230; Lan\u00e7ado em 1971 pela Chantecler (GCL),\u00a0o compacto de Maria Alcina evidencia a for\u00e7a e a irrever\u00eancia que marcariam sua trajet\u00f3ria. De um lado,\u00a0\u201cAzeitonas Verdes\u201d\u00a0traz humor e teatralidade em uma interpreta\u00e7\u00e3o cheia de personalidade. Do outro,\u00a0\u201cMam\u00e3e &hellip; <a href=\"https:\/\/www.toque-musicall.com\/?p=11619\">Continue lendo <span class=\"meta-nav\">&rarr;<\/span><\/a><\/p>\n","protected":false},"author":1,"featured_media":0,"comment_status":"closed","ping_status":"closed","sticky":false,"template":"","format":"standard","meta":{"footnotes":""},"categories":[1],"tags":[3072,6151,6152],"class_list":["post-11619","post","type-post","status-publish","format-standard","hentry","category-sem-categoria","tag-compactos","tag-maria-alcina","tag-selo-gcl-chantecler"],"_links":{"self":[{"href":"https:\/\/www.toque-musicall.com\/index.php?rest_route=\/wp\/v2\/posts\/11619","targetHints":{"allow":["GET"]}}],"collection":[{"href":"https:\/\/www.toque-musicall.com\/index.php?rest_route=\/wp\/v2\/posts"}],"about":[{"href":"https:\/\/www.toque-musicall.com\/index.php?rest_route=\/wp\/v2\/types\/post"}],"author":[{"embeddable":true,"href":"https:\/\/www.toque-musicall.com\/index.php?rest_route=\/wp\/v2\/users\/1"}],"replies":[{"embeddable":true,"href":"https:\/\/www.toque-musicall.com\/index.php?rest_route=%2Fwp%2Fv2%2Fcomments&post=11619"}],"version-history":[{"count":1,"href":"https:\/\/www.toque-musicall.com\/index.php?rest_route=\/wp\/v2\/posts\/11619\/revisions"}],"predecessor-version":[{"id":11620,"href":"https:\/\/www.toque-musicall.com\/index.php?rest_route=\/wp\/v2\/posts\/11619\/revisions\/11620"}],"wp:attachment":[{"href":"https:\/\/www.toque-musicall.com\/index.php?rest_route=%2Fwp%2Fv2%2Fmedia&parent=11619"}],"wp:term":[{"taxonomy":"category","embeddable":true,"href":"https:\/\/www.toque-musicall.com\/index.php?rest_route=%2Fwp%2Fv2%2Fcategories&post=11619"},{"taxonomy":"post_tag","embeddable":true,"href":"https:\/\/www.toque-musicall.com\/index.php?rest_route=%2Fwp%2Fv2%2Ftags&post=11619"}],"curies":[{"name":"wp","href":"https:\/\/api.w.org\/{rel}","templated":true}]}}