{"id":11621,"date":"2026-01-07T21:27:11","date_gmt":"2026-01-08T00:27:11","guid":{"rendered":"https:\/\/www.toque-musicall.com\/?p=11621"},"modified":"2026-01-18T21:28:47","modified_gmt":"2026-01-19T00:28:47","slug":"os-vikings-1969","status":"publish","type":"post","link":"https:\/\/www.toque-musicall.com\/?p=11621","title":{"rendered":"Os Vikings (1969)\u00a0"},"content":{"rendered":"\n<figure class=\"wp-block-image size-large\"><img decoding=\"async\" src=\"https:\/\/blogger.googleusercontent.com\/img\/b\/R29vZ2xl\/AVvXsEj7Kammmfc3NL5VlObOqgq1wNhBLg5b_W6BwSlevElK6ozjVk7K25QZkOP6873-ziDE3l6Atl8-JG35oIdRJArTsh_H3xbb_cASjVzucreFf86FPEzPt8vRHqVJp5aCtXmkyD1I49DfHmk2Er1sK64JDGi4dTK_xAJ4i0lYHWHQgMX6BWvGAJ6qBq3TerL-\/w640-h636\/lado%201.jpg\" alt=\"\"\/><\/figure>\n\n\n\n<figure class=\"wp-block-image size-large\"><img decoding=\"async\" src=\"https:\/\/blogger.googleusercontent.com\/img\/b\/R29vZ2xl\/AVvXsEhBXjX1fUdm82qDy1Au-SzhlvM4Q-Av-797e4ohh094OYIbWY-e7apl3OMw9KQq1CZT7MhyphenhyphenNpCupNuHtWHnSYi3VMNdpUqJKkmAWDyQBZjVrI0LnWfLzPQoXfRjC20XPZ0HDS4TRAPEtRS8ZzZwEAk9fFx2wDo9xU6mTzi76SgHrvb2dN5RYp5fEk2OlE8r\/w640-h632\/lado%202.jpg\" alt=\"\"\/><\/figure>\n\n\n<div class=\"separator\">Novamente, aqui vamos n\u00f3s com outro disquinho indispens\u00e1vel e que merece mais ante\u00e7\u00e3o por parte daqueles que gostam de rock nacional, psicodelia pura&#8230; Merece conhecer&#8230; Formado pelos irm\u00e3os Di\u00f3genes Paulo e Olavo S\u00e9rgio, o grupo Os Vikings ocupa um espa\u00e7o curioso e pouco explorado na hist\u00f3ria da m\u00fasica brasileira. Atuando em um per\u00edodo de intensas transforma\u00e7\u00f5es sonoras, o duo apostou em harmonias bem constru\u00eddas e arranjos alinhados ao esp\u00edrito jovem da \u00e9poca, dialogando com a can\u00e7\u00e3o popular e as influ\u00eancias internacionais que chegavam ao pa\u00eds. Mesmo sem ampla proje\u00e7\u00e3o comercial, Os Vikings deixaram registros que hoje despertam interesse entre colecionadores e pesquisadores, funcionando como retratos fi\u00e9is de um tempo em que criatividade e experimenta\u00e7\u00e3o caminhavam lado a lado. Pequenas pe\u00e7as de um grande mosaico musical que o tempo quase apagou, mas que ainda ecoam para quem se disp\u00f5e a ouvir com aten\u00e7\u00e3o. Os Vikings gravaram quatro compactos, sendo este de 69 o mais ousado. Vale a pena ouvir&#8230;<\/div>\n<div class=\"separator\">\u00a0<\/div>\n<div class=\"separator\">pequena prece<\/div>\n<div class=\"separator\">do que vi da vida<\/div>\n<div class=\"separator\">\u00a0<\/div>\n<div class=\"separator\">\u00a0<\/div>\n<div class=\"separator\">.<\/div>\n<div class=\"separator\">\u00a0<\/div>","protected":false},"excerpt":{"rendered":"<p>Novamente, aqui vamos n\u00f3s com outro disquinho indispens\u00e1vel e que merece mais ante\u00e7\u00e3o por parte daqueles que gostam de rock nacional, psicodelia pura&#8230; Merece conhecer&#8230; Formado pelos irm\u00e3os Di\u00f3genes Paulo e Olavo S\u00e9rgio, o grupo Os Vikings ocupa um espa\u00e7o &hellip; <a href=\"https:\/\/www.toque-musicall.com\/?p=11621\">Continue lendo <span class=\"meta-nav\">&rarr;<\/span><\/a><\/p>\n","protected":false},"author":1,"featured_media":0,"comment_status":"closed","ping_status":"closed","sticky":false,"template":"","format":"standard","meta":{"footnotes":""},"categories":[1],"tags":[3072,6153,3153],"class_list":["post-11621","post","type-post","status-publish","format-standard","hentry","category-sem-categoria","tag-compactos","tag-os-vikings","tag-selo-odeon"],"_links":{"self":[{"href":"https:\/\/www.toque-musicall.com\/index.php?rest_route=\/wp\/v2\/posts\/11621","targetHints":{"allow":["GET"]}}],"collection":[{"href":"https:\/\/www.toque-musicall.com\/index.php?rest_route=\/wp\/v2\/posts"}],"about":[{"href":"https:\/\/www.toque-musicall.com\/index.php?rest_route=\/wp\/v2\/types\/post"}],"author":[{"embeddable":true,"href":"https:\/\/www.toque-musicall.com\/index.php?rest_route=\/wp\/v2\/users\/1"}],"replies":[{"embeddable":true,"href":"https:\/\/www.toque-musicall.com\/index.php?rest_route=%2Fwp%2Fv2%2Fcomments&post=11621"}],"version-history":[{"count":1,"href":"https:\/\/www.toque-musicall.com\/index.php?rest_route=\/wp\/v2\/posts\/11621\/revisions"}],"predecessor-version":[{"id":11622,"href":"https:\/\/www.toque-musicall.com\/index.php?rest_route=\/wp\/v2\/posts\/11621\/revisions\/11622"}],"wp:attachment":[{"href":"https:\/\/www.toque-musicall.com\/index.php?rest_route=%2Fwp%2Fv2%2Fmedia&parent=11621"}],"wp:term":[{"taxonomy":"category","embeddable":true,"href":"https:\/\/www.toque-musicall.com\/index.php?rest_route=%2Fwp%2Fv2%2Fcategories&post=11621"},{"taxonomy":"post_tag","embeddable":true,"href":"https:\/\/www.toque-musicall.com\/index.php?rest_route=%2Fwp%2Fv2%2Ftags&post=11621"}],"curies":[{"name":"wp","href":"https:\/\/api.w.org\/{rel}","templated":true}]}}