{"id":11623,"date":"2026-01-08T16:16:57","date_gmt":"2026-01-08T19:16:57","guid":{"rendered":"https:\/\/www.toque-musicall.com\/?p=11623"},"modified":"2026-01-21T16:21:15","modified_gmt":"2026-01-21T19:21:15","slug":"pericles-cavalcanti-1974","status":"publish","type":"post","link":"https:\/\/www.toque-musicall.com\/?p=11623","title":{"rendered":"P\u00e9ricles Cavalcanti (1974)"},"content":{"rendered":"\n<figure class=\"wp-block-image size-large\"><img decoding=\"async\" src=\"https:\/\/blogger.googleusercontent.com\/img\/b\/R29vZ2xl\/AVvXsEhGd7Diwj6yS4wNDGu17lHBkefE7otkxsZTGJ6hfZeEOql0u45igYbl1LkSx9h-_TFLH8jwXa9sGOAQvKzJDctglJ5wO76X3s2RBQ12T55OLeWTvkh7_YTHCFYpYezJpp-u-MsklUS3pk5vsMLhgYcBMxZA3Rb65uDSglA00n4Kv7smhOPhG2lctLCxOQNy\/w640-h638\/lado%20a.jpg\" alt=\"\"\/><\/figure>\n\n\n\n<figure class=\"wp-block-image size-large\"><img decoding=\"async\" src=\"https:\/\/blogger.googleusercontent.com\/img\/b\/R29vZ2xl\/AVvXsEiFqgVmLg9e4gAZ5nbNOX2Rv7nPrsBLvqEPlrzcnite3VqC0rDsGbPbusr6MOWNi7SK2CKv2f7jYbwIAdRJsmG8WPxMt_0gakY6mZmhGSud7K31Vcjif_dlK44jS99DGdF9aPJZCYzHXI9unoMygvF3nKrAXILFtldLKMjVKp8_SlTxw9yXYrlukvpJ7gaG\/w630-h640\/lado%20b.jpg\" alt=\"\"\/><\/figure>\n\n\n<div class=\"separator\">Seguimos aqui com outro disquinho compacto raro, desta vez temos o cantor e compositor P\u00e9ricles Cavalcanti, um artista que j\u00e1 tivemos a honra de apresentar aqui em outros momentos. Agora ele volta neste disquinho de 7 polegadas, seu primeiro disco, lan\u00e7ado pelo selo Polydor, em 1974. Neste compacto simples temos como destaque a m\u00fasica &#8220;Dias, dias dias&#8221;, uma das m\u00fasicas cantadas por Gal Costa em seu show e cujo nome, segundo o pr\u00f3prio P\u00e9ricles, emprestado de um poema de Augusto de Campos. Confiram no GTM&#8230;<\/div>\n<div class=\"separator\">\u00a0<\/div>\n<div class=\"separator\">dias dias dias<\/div>\n<div class=\"separator\">o outro lado do compacto<\/div>\n<div class=\"separator\">\u00a0<\/div>\n<div class=\"separator\">\u00a0<\/div>\n<div class=\"separator\">.<\/div>","protected":false},"excerpt":{"rendered":"<p>Seguimos aqui com outro disquinho compacto raro, desta vez temos o cantor e compositor P\u00e9ricles Cavalcanti, um artista que j\u00e1 tivemos a honra de apresentar aqui em outros momentos. Agora ele volta neste disquinho de 7 polegadas, seu primeiro disco, &hellip; <a href=\"https:\/\/www.toque-musicall.com\/?p=11623\">Continue lendo <span class=\"meta-nav\">&rarr;<\/span><\/a><\/p>\n","protected":false},"author":1,"featured_media":0,"comment_status":"closed","ping_status":"closed","sticky":false,"template":"","format":"standard","meta":{"footnotes":""},"categories":[1],"tags":[3072,4289,3057],"class_list":["post-11623","post","type-post","status-publish","format-standard","hentry","category-sem-categoria","tag-compactos","tag-pericles-cavalcanti","tag-selo-polydor"],"_links":{"self":[{"href":"https:\/\/www.toque-musicall.com\/index.php?rest_route=\/wp\/v2\/posts\/11623","targetHints":{"allow":["GET"]}}],"collection":[{"href":"https:\/\/www.toque-musicall.com\/index.php?rest_route=\/wp\/v2\/posts"}],"about":[{"href":"https:\/\/www.toque-musicall.com\/index.php?rest_route=\/wp\/v2\/types\/post"}],"author":[{"embeddable":true,"href":"https:\/\/www.toque-musicall.com\/index.php?rest_route=\/wp\/v2\/users\/1"}],"replies":[{"embeddable":true,"href":"https:\/\/www.toque-musicall.com\/index.php?rest_route=%2Fwp%2Fv2%2Fcomments&post=11623"}],"version-history":[{"count":1,"href":"https:\/\/www.toque-musicall.com\/index.php?rest_route=\/wp\/v2\/posts\/11623\/revisions"}],"predecessor-version":[{"id":11624,"href":"https:\/\/www.toque-musicall.com\/index.php?rest_route=\/wp\/v2\/posts\/11623\/revisions\/11624"}],"wp:attachment":[{"href":"https:\/\/www.toque-musicall.com\/index.php?rest_route=%2Fwp%2Fv2%2Fmedia&parent=11623"}],"wp:term":[{"taxonomy":"category","embeddable":true,"href":"https:\/\/www.toque-musicall.com\/index.php?rest_route=%2Fwp%2Fv2%2Fcategories&post=11623"},{"taxonomy":"post_tag","embeddable":true,"href":"https:\/\/www.toque-musicall.com\/index.php?rest_route=%2Fwp%2Fv2%2Ftags&post=11623"}],"curies":[{"name":"wp","href":"https:\/\/api.w.org\/{rel}","templated":true}]}}